{"id":21394,"date":"2006-09-28T14:08:23","date_gmt":"2006-09-28T12:08:23","guid":{"rendered":"https:\/\/www.uspsy.fr\/?p=21394"},"modified":"2021-06-01T20:59:44","modified_gmt":"2021-06-01T18:59:44","slug":"congres-des-24-25-et-26-mars-2000","status":"publish","type":"post","link":"https:\/\/www.uspsy.fr\/?p=21394","title":{"rendered":"congr\u00e8s des 24, 25 et 26 mars 2000 \u00e0 Paris : Du consensus mou au dissensus dur &#8211; pour une nouvelle radicalit\u00e9 en psychiatrie"},"content":{"rendered":"<strong>ARGUMENT<\/strong>\n\n\u00ab Le consensus a \u00e9t\u00e9 invent\u00e9 pour que les imb\u00e9ciles se sentent moins seuls \u00bb. \n\nUn seul argument pr\u00e9vaut : la modernit\u00e9, la n\u00e9cessaire \u00e9volution du monde et notamment les n\u00e9cessit\u00e9s \u00e9conomiques.\n\nTous les discours deviennent \u00e9quivalents, les th\u00e9ories sous-jacentes sont ignor\u00e9es pour aboutir au mensonge \u00e9pist\u00e9mologique de l\u2019a-th\u00e9orisme de certaine nosographie.\n\nProgressivement, l\u2019\u00e9conomie de march\u00e9 dicte la politique de sant\u00e9.\nSi nous ne pouvons nier la r\u00e9alit\u00e9 \u00e9conomique, nous pouvons nous interroger sur la facilit\u00e9 avec laquelle les psychiatres acceptent, voire anticipent, une telle \u00e9volution.\n\nFatum ? Devons-nous nous r\u00e9signer ?\n\nIl est temps de sortir de cette torpeur ambiante de la r\u00e9flexion ! Pour cela, la radicalit\u00e9 s\u2019impose : revenir aux d\u00e9bats d\u2019id\u00e9es, rechercher l\u2019essentiel, exprimer des id\u00e9es, y croire et aller jusqu\u2019au bout de leur mise en pratiques.\nNous pouvons encore conceptualiser les orientations th\u00e9rapeutiques de la politique de sant\u00e9.\n\nCette volont\u00e9 de r\u00e9sistance \u00e0 l\u2019\u00e9crasement de la pens\u00e9e animera le congr\u00e8s de cette ann\u00e9e qui, r\u00e9alisant une d\u00e9cision du congr\u00e8s de l\u2019ann\u00e9e derni\u00e8re, sera essentiellement consacr\u00e9 \u00e0 la r\u00e9daction d\u2019un \u00ab manifeste radical \u00bb reprenant nos id\u00e9es et conceptions.\n\n\n<h2 class=\"wp-block-heading\">Documents joints<\/h2>\n\n\n\n<div class=\"wp-block-file\"><a href=\"http:\/\/www.uspsy.fr\/wp-content\/uploads\/2006\/10\/pdf_motions_USP_2000.pdf\">motions USP 2000<\/a><\/div>\n\n\n","protected":false},"excerpt":{"rendered":"<p>ARGUMENT \u00ab Le consensus a \u00e9t\u00e9 invent\u00e9 pour que les imb\u00e9ciles se sentent moins seuls&hellip;<\/p>\n","protected":false},"author":1,"featured_media":0,"comment_status":"open","ping_status":"closed","sticky":false,"template":"","format":"standard","meta":{"footnotes":""},"categories":[590],"tags":[],"class_list":["post-21394","post","type-post","status-publish","format-standard","hentry","category-motions-et-congres"],"_links":{"self":[{"href":"https:\/\/www.uspsy.fr\/index.php?rest_route=\/wp\/v2\/posts\/21394","targetHints":{"allow":["GET"]}}],"collection":[{"href":"https:\/\/www.uspsy.fr\/index.php?rest_route=\/wp\/v2\/posts"}],"about":[{"href":"https:\/\/www.uspsy.fr\/index.php?rest_route=\/wp\/v2\/types\/post"}],"author":[{"embeddable":true,"href":"https:\/\/www.uspsy.fr\/index.php?rest_route=\/wp\/v2\/users\/1"}],"replies":[{"embeddable":true,"href":"https:\/\/www.uspsy.fr\/index.php?rest_route=%2Fwp%2Fv2%2Fcomments&post=21394"}],"version-history":[{"count":1,"href":"https:\/\/www.uspsy.fr\/index.php?rest_route=\/wp\/v2\/posts\/21394\/revisions"}],"predecessor-version":[{"id":21396,"href":"https:\/\/www.uspsy.fr\/index.php?rest_route=\/wp\/v2\/posts\/21394\/revisions\/21396"}],"wp:attachment":[{"href":"https:\/\/www.uspsy.fr\/index.php?rest_route=%2Fwp%2Fv2%2Fmedia&parent=21394"}],"wp:term":[{"taxonomy":"category","embeddable":true,"href":"https:\/\/www.uspsy.fr\/index.php?rest_route=%2Fwp%2Fv2%2Fcategories&post=21394"},{"taxonomy":"post_tag","embeddable":true,"href":"https:\/\/www.uspsy.fr\/index.php?rest_route=%2Fwp%2Fv2%2Ftags&post=21394"}],"curies":[{"name":"wp","href":"https:\/\/api.w.org\/{rel}","templated":true}]}}