{"id":21433,"date":"2006-05-04T15:10:00","date_gmt":"2006-05-04T13:10:00","guid":{"rendered":"https:\/\/www.uspsy.fr\/?p=21433"},"modified":"2021-06-01T21:00:04","modified_gmt":"2021-06-01T19:00:04","slug":"communique-du-4-mai-2006-appel-a","status":"publish","type":"post","link":"https:\/\/www.uspsy.fr\/?p=21433","title":{"rendered":"communiqu\u00e9 du 4 mai 2006 : Appel \u00e0 la gr\u00e8ve du 11 mai"},"content":{"rendered":"Avec la CPH (Conf\u00e9d\u00e9ration des Praticiens des H\u00f4pitaux), dont elle fait partie et l&rsquo;INPH (Intersyndicat national des praticiens hospitaliers) qui repr\u00e9sentent 80 % des praticiens hospitaliers, l&rsquo;USP (Union Syndicale de la Psychiatrie) appelle \u00e0 la gr\u00e8ve pour la journ\u00e9e du 11 mai.\n\nIL S\u2019AGIT L\u00c0 DE DEFENDRE NOTRE INDEPENDANCE PROFESSIONNELLE A L&rsquo;HOPITAL ET DONC L\u2019UN DES DERNIERS VERROUS PERMETTANT DE LIMITER LES ATTEINTES AUX DROITS AUX SOINS ET A L\u2019ACCES AUX SOINS POUR TOUS ET SUR TOUT LE TERRITOIRE . IL EN VA DE M\u00caME DES DIFF\u00c9RENTES ATTAQUES CONCERNANT LE SECRET PROFESSIONNEL.\n\nL&rsquo;attaque de notre statut et de l&rsquo;ind\u00e9pendance de notre exercice professionnel \u00e9tait \u00e9videmment pr\u00e9visible et in\u00e9vitable d\u00e8s la formulation des orientations du projet H\u00f4pital 2007. Cette r\u00e9forme, avec sa tarification \u00e0 l\u2019activit\u00e9 et la mise en concurrence des h\u00f4pitaux, encouragera avant tout l\u2019activit\u00e9 et la demande de soins l\u00e0 o\u00f9 elle est possible, parce que l\u2019offre existe et que la population a les moyens de demander et de \u00ab consommer \u00bb. L\u2019ind\u00e9pendance des m\u00e9decins hospitaliers doit donc \u00eatre attaqu\u00e9e par une fragilisation de leur statut et un int\u00e9ressement pour mieux imposer ces orientations et tenter ainsi de d\u00e9culpabiliser les praticiens en les d\u00e9responsabilisant. C\u2019est sur ordonnance minist\u00e9rielle que l\u2019abandon de soin est ordonn\u00e9, mais c\u2019est par l\u2019administration qu\u2019il est organis\u00e9.\n\nD\u00e8s lors, la r\u00e9ponse \u00ab \u00e0 c\u00f4t\u00e9 \u00bb de M. Bertrand dans sa lettre du 29 mars rel\u00e8ve plus d&rsquo;une volont\u00e9 de passer en force que d&rsquo;une v\u00e9ritable incompr\u00e9hension. L&rsquo;int\u00e9ressement et la proc\u00e9dure de nomination propos\u00e9e sont en effet indispensables pour assurer le niveau de d\u00e9pendance locale n\u00e9cessaire pour soumettre le praticien hospitalier aux orientations concurrentielles de son \u00e9tablissement. Le \u00ab renfort \u00bb du pr\u00e9sident de la commission m\u00e9dicale d&rsquo;\u00e9tablissement (CME) et du chef de p\u00f4le n&rsquo;apportent aucunes garanties d\u00e8s le moment o\u00f9 ces derniers sont soumis avec le directeur aux m\u00eames objectifs de production, de rentabilit\u00e9 et de concurrence.\n\nLES R\u00c9FORMES ENGAG\u00c9ES DEPUIS 2002 SONT PARFAITEMENT COH\u00c9RENTES ET VISENT TOUTES A ABANDONNER LE PRINCIPE DE SOLIDARIT\u00c9 AU PROFIT D&rsquo;UNE POLITIQUE DE MARCHANDISATION DE L&rsquo;INDIVIDU ET DE CONTR\u00d4LE SOCIAL.\n\nLes soins sont \u00e9valu\u00e9s au m\u00e9rite, sur la base de la valeur marchande de l\u2019individu. Le parcours de soin, le dossier m\u00e9dical partag\u00e9 sont impos\u00e9s pour les plus pauvres. L\u2019eug\u00e9nisme social est ici assum\u00e9 pleinement et sans complexe.\n\nC&rsquo;EST EVIDEMMENT L&rsquo;ENSEMBLE DE CES ORIENTATIONS QUI SONT INACCEPTABLES POUR L&rsquo;UNION SYNDICALE DE LA PSYCHIATRIE.\n\nDANS L&rsquo;IMM\u00c9DIAT NOUS EXIGEONS :\n\n&#8211; Le retrait de toute proc\u00e9dure d&rsquo;affectation locale, qu&rsquo;elle soit administrative ou m\u00e9dicale.\n&#8211; Le maintien des nominations minist\u00e9rielles sur un poste, dans un service comme dans un p\u00f4le.\n&#8211; La mise en place de r\u00e9elles garanties statutaires lors de suppression ou de fermeture de poste de PH.\n&#8211; Une participation paritaire au Conseil d&rsquo;Administration du Centre National de Gestion et dans le fonctionnement des instances de nomination.\n&#8211; L&rsquo;ouverture effective des n\u00e9gociations pour une valorisation des retraites des praticiens.\n&#8211; L&rsquo;urgente correction des in\u00e9galit\u00e9s de carri\u00e8re des temps partiels.\n&#8211; Une v\u00e9ritable reconnaissance de l&rsquo;astreinte sur la base des conclusions du rapport IGAS sur la permanence des soins.\n\n<h2 class=\"wp-block-heading\">Documents joints<\/h2>\n\n\n\n<div class=\"wp-block-file\"><a href=\"http:\/\/www.uspsy.fr\/wp-content\/uploads\/2006\/05\/pdf_communique_USP_appel_a_la_greve_11_mai__4_mai_2006.pdf\">comuniqu\u00e9 de l&rsquo;USP &#8211; appel \u00e0 la gr\u00e8ve du 11 mai<\/a><\/div>\n\n\n","protected":false},"excerpt":{"rendered":"<p>Avec la CPH (Conf\u00e9d\u00e9ration des Praticiens des H\u00f4pitaux), dont elle fait partie et l&rsquo;INPH (Intersyndicat&hellip;<\/p>\n","protected":false},"author":1,"featured_media":0,"comment_status":"open","ping_status":"closed","sticky":false,"template":"","format":"standard","meta":{"footnotes":""},"categories":[591],"tags":[],"class_list":["post-21433","post","type-post","status-publish","format-standard","hentry","category-communiques-de-presse"],"_links":{"self":[{"href":"https:\/\/www.uspsy.fr\/index.php?rest_route=\/wp\/v2\/posts\/21433","targetHints":{"allow":["GET"]}}],"collection":[{"href":"https:\/\/www.uspsy.fr\/index.php?rest_route=\/wp\/v2\/posts"}],"about":[{"href":"https:\/\/www.uspsy.fr\/index.php?rest_route=\/wp\/v2\/types\/post"}],"author":[{"embeddable":true,"href":"https:\/\/www.uspsy.fr\/index.php?rest_route=\/wp\/v2\/users\/1"}],"replies":[{"embeddable":true,"href":"https:\/\/www.uspsy.fr\/index.php?rest_route=%2Fwp%2Fv2%2Fcomments&post=21433"}],"version-history":[{"count":1,"href":"https:\/\/www.uspsy.fr\/index.php?rest_route=\/wp\/v2\/posts\/21433\/revisions"}],"predecessor-version":[{"id":21435,"href":"https:\/\/www.uspsy.fr\/index.php?rest_route=\/wp\/v2\/posts\/21433\/revisions\/21435"}],"wp:attachment":[{"href":"https:\/\/www.uspsy.fr\/index.php?rest_route=%2Fwp%2Fv2%2Fmedia&parent=21433"}],"wp:term":[{"taxonomy":"category","embeddable":true,"href":"https:\/\/www.uspsy.fr\/index.php?rest_route=%2Fwp%2Fv2%2Fcategories&post=21433"},{"taxonomy":"post_tag","embeddable":true,"href":"https:\/\/www.uspsy.fr\/index.php?rest_route=%2Fwp%2Fv2%2Ftags&post=21433"}],"curies":[{"name":"wp","href":"https:\/\/api.w.org\/{rel}","templated":true}]}}