{"id":21482,"date":"2004-12-14T15:14:00","date_gmt":"2004-12-14T14:14:00","guid":{"rendered":"https:\/\/www.uspsy.fr\/?p=21482"},"modified":"2021-06-01T21:00:45","modified_gmt":"2021-06-01T19:00:45","slug":"non-a-la-delation-non-au-fichage","status":"publish","type":"post","link":"https:\/\/www.uspsy.fr\/?p=21482","title":{"rendered":"Non \u00e0 la d\u00e9lation, non au fichage, nom \u00e0 l&rsquo;assimilation malade mental-d\u00e9linquant"},"content":{"rendered":"Un projet de loi de \u00ab pr\u00e9vention de la d\u00e9linquance \u00bb, \u00e9labor\u00e9 par le ministre de l\u2019Int\u00e9rieur, comporte les propositions suivantes particuli\u00e8rement graves :\n\n1- Tout travailleur social (et l\u2019acception de ce terme est large) serait tenu de signaler nominativement au maire de la commune \u00ab toute personne pr\u00e9sentant des difficult\u00e9s sociales ou psychologiques \u00bb. Il peut s\u2019agir de majeurs ou de mineurs.\n\n2- Tout membre du corps enseignant serait, de m\u00eame, tenu de signaler au maire les \u00e9l\u00e8ves manquant l\u2019\u00e9cole.\n\n\n3- Un projet de r\u00e9forme de la loi de 1990 sur les hospitalisation sous contraintes (HDT et HO) est inclus dans ce texte ! Au-del\u00e0 de sa pr\u00e9sence inadmissible dans un texte sur la d\u00e9linquance, l\u2019USP se r\u00e9serve \u00e9videmment de faire une critique de fond du contenu des propositions.\n\n4- Enfin \u00ab il cr\u00e9e un fichier national nominatif des hospitalisations psychiatriques \u00bb. Ceci, qui concerne plus de 500 000 personnes par an en France, n\u2019a comme pr\u00e9c\u00e9dent, \u00e0 notre connaissance, que l\u2019Allemagne nazie. On sait ce qu\u2019il y est advenu des malades mentaux !\n\nCe projet de loi doit \u00eatre annul\u00e9. \n\nPour cela, participez \u00e0 la gr\u00e8ve et aux manifestations, le 14 d\u00e9cembre, \n\u00e0 Chamb\u00e9ry \u00e0 17h, devant la pr\u00e9fecture (rassemblement devant les escaliers)\n\n\n<h2 class=\"wp-block-heading\">Documents joints<\/h2>\n\n\n\n<div class=\"wp-block-file\"><a href=\"http:\/\/www.uspsy.fr\/wp-content\/uploads\/2004\/12\/pdf_cp_USP_non_a_la_delation_journee_d_action_du_14_decembre_2004.pdf\">communiqu\u00e9 de l&rsquo;USP &#8211; non \u00e0 la d\u00e9lation_14 d\u00e9c 2004<\/a><\/div>\n\n\n","protected":false},"excerpt":{"rendered":"<p>Un projet de loi de \u00ab pr\u00e9vention de la d\u00e9linquance \u00bb, \u00e9labor\u00e9 par le ministre&hellip;<\/p>\n","protected":false},"author":1,"featured_media":0,"comment_status":"open","ping_status":"closed","sticky":false,"template":"","format":"standard","meta":{"footnotes":""},"categories":[591],"tags":[],"class_list":["post-21482","post","type-post","status-publish","format-standard","hentry","category-communiques-de-presse"],"_links":{"self":[{"href":"https:\/\/www.uspsy.fr\/index.php?rest_route=\/wp\/v2\/posts\/21482","targetHints":{"allow":["GET"]}}],"collection":[{"href":"https:\/\/www.uspsy.fr\/index.php?rest_route=\/wp\/v2\/posts"}],"about":[{"href":"https:\/\/www.uspsy.fr\/index.php?rest_route=\/wp\/v2\/types\/post"}],"author":[{"embeddable":true,"href":"https:\/\/www.uspsy.fr\/index.php?rest_route=\/wp\/v2\/users\/1"}],"replies":[{"embeddable":true,"href":"https:\/\/www.uspsy.fr\/index.php?rest_route=%2Fwp%2Fv2%2Fcomments&post=21482"}],"version-history":[{"count":1,"href":"https:\/\/www.uspsy.fr\/index.php?rest_route=\/wp\/v2\/posts\/21482\/revisions"}],"predecessor-version":[{"id":21484,"href":"https:\/\/www.uspsy.fr\/index.php?rest_route=\/wp\/v2\/posts\/21482\/revisions\/21484"}],"wp:attachment":[{"href":"https:\/\/www.uspsy.fr\/index.php?rest_route=%2Fwp%2Fv2%2Fmedia&parent=21482"}],"wp:term":[{"taxonomy":"category","embeddable":true,"href":"https:\/\/www.uspsy.fr\/index.php?rest_route=%2Fwp%2Fv2%2Fcategories&post=21482"},{"taxonomy":"post_tag","embeddable":true,"href":"https:\/\/www.uspsy.fr\/index.php?rest_route=%2Fwp%2Fv2%2Ftags&post=21482"}],"curies":[{"name":"wp","href":"https:\/\/api.w.org\/{rel}","templated":true}]}}