{"id":21490,"date":"2006-09-14T14:00:00","date_gmt":"2006-09-14T12:00:00","guid":{"rendered":"https:\/\/www.uspsy.fr\/?p=21490"},"modified":"2006-09-14T14:00:00","modified_gmt":"2006-09-14T12:00:00","slug":"le-quotidien-du-medecin-14","status":"publish","type":"post","link":"https:\/\/www.uspsy.fr\/?p=21490","title":{"rendered":"Le Quotidien du m\u00e9decin &#8211; 14 septembre 2006"},"content":{"rendered":"<p>LE QUOTIDIEN DU MEDECIN 14 09 2006<\/p>\n<p><strong>PRATICIENS HOSPITALIERS<\/strong> <\/p>\n<p><em>La r\u00e9forme du statut se fait toujours attendre<\/em><\/p>\n<p>UNE NOUVELLE r\u00e9union a eu lieu au minist\u00e8re de la Sant\u00e9, en pr\u00e9sence des intersyndicats de m\u00e9decins hospitaliers, pour faire le point sur la r\u00e9novation de leur statut. Cette r\u00e9forme pr\u00e9voit de nouvelles r\u00e8gles d\u2019affectation pour les praticiens hospitaliers, ainsi que l\u2019instauration d\u2019une part compl\u00e9mentaire variable dans leurs revenus.<\/p>\n<p>Chacun de ces deux sujets suscite de nombreuses interrogations au sein du corps m\u00e9dical, si bien que la publication des textes, annonc\u00e9e depuis des semaines, n\u2019a toujours pas eu lieu. Le minist\u00e8re de la Sant\u00e9 veut s\u2019assurer le soutien du plus grand nombre. De nouvelles discussions avec les conf\u00e9rences de pr\u00e9sidents de CME sont envisag\u00e9es, bien que le minist\u00e8re pr\u00e9sente le dossier comme totalement boucl\u00e9.<\/p>\n<p>Le probl\u00e8me de l\u2019Ircantec. Plusieurs questions restent tout de m\u00eame en suspens, et pas des moindres, note pour sa part la pr\u00e9sidente de l\u2019Inph (Intersyndicat national des praticiens hospitaliers), le Dr Rachel Bocher. S\u2019agissant des retraites, la r\u00e9forme de l\u2019Ircantec \u2013 le r\u00e9gime compl\u00e9mentaire des PH, en d\u00e9ficit \u2013 semble au point mort. \u00abCe ne sont pas les mesurettes propos\u00e9es qui att\u00e9nueront la diminution de nos retraites programm\u00e9e \u00e0 30% au minimum\u00bb, condamne Rachel Bocher. La part compl\u00e9mentaire variable pose aussi question : \u00abInd\u00e9pendamment du financement improbable de cette mesure, le contour obscur des crit\u00e8res d\u2019attribution nous font craindre le pire quant \u00e0 sa distribution\u00bb, s\u2019inqui\u00e8te la pr\u00e9sidente de l\u2019Inph. Il faut dire que les rangs de l\u2019Inph comptent de nombreux anesth\u00e9sistes- r\u00e9animateurs (r\u00e9unis au sein du Snphar, le Syndicat national des praticiens hospitaliers anesth\u00e9sistes-r\u00e9animateurs) ; ces sp\u00e9cialistes comprennent mal que les chirurgiens b\u00e9n\u00e9ficient avant eux de la part compl\u00e9mentaire variable. Les projets de textes du minist\u00e8re pr\u00e9voient une mont\u00e9e en charge progressive du dispositif de la part variable, qui ne concernera au d\u00e9part que la chirurgie et la psychiatrie. <\/p>\n<p><strong>DMP<\/strong><\/p>\n<p><em>Le GIP-DMP reconduit jusqu\u2019en 2011<\/em><\/p>\n<p>Un arr\u00eat\u00e9 publi\u00e9 au \u00ab Journal officiel \u00bb durant l\u2019\u00e9t\u00e9 approuve les modifications apport\u00e9es \u00e0 la Convention constitutive du groupement de pr\u00e9figuration du dossier m\u00e9dical personnel (DMP). Le texte pr\u00e9voit que le groupement d\u2019int\u00e9r\u00eat public du DMP assurera la continuit\u00e9 du pilotage et du suivi des exp\u00e9rimentations du dossier m\u00e9dical sur les sites pilotes et la mise en oeuvre de sa g\u00e9n\u00e9ralisation jusqu\u2019au 30 juin 2011<\/p>\n<p><strong>MINISTERE DE LA SANTE<\/strong><\/p>\n<p><em>Le directeur de cabinet s\u2019en va<\/em><\/p>\n<p>Par d\u00e9cret (paru le 10 septembre au \u00ab Journal officiel \u00bb, Beno\u00eet Bohnert, directeur de cabinet du ministre de la Sant\u00e9 Xavier Bertrand, vient d\u2019\u00eatre nomm\u00e9 ma\u00eetre des requ\u00eates au Conseil d\u2019Etat.<\/p>\n","protected":false},"excerpt":{"rendered":"<p>LE QUOTIDIEN DU MEDECIN 14 09 2006 PRATICIENS HOSPITALIERS La r\u00e9forme du statut se fait&hellip;<\/p>\n","protected":false},"author":1,"featured_media":0,"comment_status":"open","ping_status":"closed","sticky":false,"template":"","format":"standard","meta":{"footnotes":""},"categories":[585],"tags":[],"class_list":["post-21490","post","type-post","status-publish","format-standard","hentry","category-revue-de-presse"],"_links":{"self":[{"href":"https:\/\/www.uspsy.fr\/index.php?rest_route=\/wp\/v2\/posts\/21490","targetHints":{"allow":["GET"]}}],"collection":[{"href":"https:\/\/www.uspsy.fr\/index.php?rest_route=\/wp\/v2\/posts"}],"about":[{"href":"https:\/\/www.uspsy.fr\/index.php?rest_route=\/wp\/v2\/types\/post"}],"author":[{"embeddable":true,"href":"https:\/\/www.uspsy.fr\/index.php?rest_route=\/wp\/v2\/users\/1"}],"replies":[{"embeddable":true,"href":"https:\/\/www.uspsy.fr\/index.php?rest_route=%2Fwp%2Fv2%2Fcomments&post=21490"}],"version-history":[{"count":0,"href":"https:\/\/www.uspsy.fr\/index.php?rest_route=\/wp\/v2\/posts\/21490\/revisions"}],"wp:attachment":[{"href":"https:\/\/www.uspsy.fr\/index.php?rest_route=%2Fwp%2Fv2%2Fmedia&parent=21490"}],"wp:term":[{"taxonomy":"category","embeddable":true,"href":"https:\/\/www.uspsy.fr\/index.php?rest_route=%2Fwp%2Fv2%2Fcategories&post=21490"},{"taxonomy":"post_tag","embeddable":true,"href":"https:\/\/www.uspsy.fr\/index.php?rest_route=%2Fwp%2Fv2%2Ftags&post=21490"}],"curies":[{"name":"wp","href":"https:\/\/api.w.org\/{rel}","templated":true}]}}