{"id":21491,"date":"2006-09-14T14:41:00","date_gmt":"2006-09-14T12:41:00","guid":{"rendered":"https:\/\/www.uspsy.fr\/?p=21491"},"modified":"2006-09-14T14:41:00","modified_gmt":"2006-09-14T12:41:00","slug":"le-nouvel-observateur-14-septembre","status":"publish","type":"post","link":"https:\/\/www.uspsy.fr\/?p=21491","title":{"rendered":"Le Nouvel Observateur &#8211; 14 septembre 2006"},"content":{"rendered":"<p><strong>200.000 signatures contre la loi Sarkozy<\/strong> <\/p>\n<p>Le Collectif national contre la d\u00e9lation annonce que sa p\u00e9tition contre le projet de loi sur la pr\u00e9vention de la d\u00e9linquance a re\u00e7u 200.000 signatures.<br \/>\nDes repr\u00e9sentants d&rsquo;associations et de syndicats se sont r\u00e9unis mercredi 13 septembre aux abords du S\u00e9nat, pour dire \u00ab\u00a0non au projet de loi de pr\u00e9vention de la d\u00e9linquance\u00a0\u00bb qui vise selon eux \u00e0 \u00ab\u00a0mettre en place une soci\u00e9t\u00e9 d&rsquo;indicateurs\u00a0\u00bb et ont annonc\u00e9 qu&rsquo;une p\u00e9tition en ce sens a \u00e9t\u00e9 sign\u00e9e par \u00ab\u00a0200.000\u00a0\u00bb personnes.<\/p>\n<p>\u00ab\u00a0C&rsquo;est une soci\u00e9t\u00e9 d&rsquo;indicateurs que ce texte essaie de mettre en place, et nous sommes donc tr\u00e8s nombreux \u00e0 \u00eatre inquiets : <strong>\u00e0 peu pr\u00e8s 200.000 personnes ont d\u00e9j\u00e0 sign\u00e9 la p\u00e9tition du collectif national unitaire (CNU) contre la d\u00e9lation<\/strong>\u00ab\u00a0, a affirm\u00e9 le pr\u00e9sident de la Ligue des droits de l&rsquo;Homme (LDH, membre du collectif), Jean-Pierre Dubois, lors d&rsquo;un point presse, sur un trottoir proche du S\u00e9nat.<\/p>\n<p>Le texte pr\u00e9voit notamment que \u00ab\u00a0les professionnels de l&rsquo;action sociale sont tenus d&rsquo;informer le maire de la commune lorsque la gravit\u00e9 des difficult\u00e9s sociales, \u00e9ducatives, mat\u00e9rielles d&rsquo;une personne ou d&rsquo;une famille est av\u00e9r\u00e9e\u00a0\u00bb, s&rsquo;alarme le collectif. <\/p>\n<p><strong>Mise en cause du secret professionnel<\/strong><\/p>\n<p>\u00ab\u00a0Cette remise en cause du secret professionnel pour les travailleurs sociaux, les \u00e9ducateurs ou les m\u00e9decins donne \u00e0 des \u00e9lus locaux la possibilit\u00e9 de tout savoir des difficult\u00e9s financi\u00e8res, scolaires, psychologiques de certains de leurs administr\u00e9s\u00a0\u00bb, a insist\u00e9 M. Dubois, aux c\u00f4t\u00e9s du secr\u00e9taire g\u00e9n\u00e9ral de la FSU, G\u00e9rard Aschieri ou du secr\u00e9taire g\u00e9n\u00e9ral du Syndicat de la magistrature (SM, gauche) C\u00f4me Jacqmin.<br \/>\nAssistante sociale dans un lyc\u00e9e de Seine-Saint-Denis, Isabelle Baillon a insist\u00e9 sur le danger de r\u00e9v\u00e9ler au maire des informations confidentielles: \u00ab\u00a0quand je supposerai qu&rsquo;il y a un probl\u00e8me de violence dans une famille, je serai tenue d&rsquo;en informer le maire&#8230; Alors le jeune venu me parler ne reviendra plus jamais pour me raconter ses difficult\u00e9s familiales!\u00a0\u00bb<\/p>\n<p>Le Dr Christine Bellascabane, pr\u00e9sidente du Syndicat national des m\u00e9decins de protection maternelle et infantile (SNMPMI), a rappel\u00e9 que les opposants au texte avaient remport\u00e9, avant l&rsquo;\u00e9t\u00e9, une petite victoire: la disposition contest\u00e9e sur le rep\u00e9rage pr\u00e9coce des \u00ab\u00a0troubles psychiques de l&rsquo;enfant\u00a0\u00bb avait \u00e9t\u00e9 retir\u00e9e du projet de loi.<\/p>\n<p><em>Le collectif regroupe une vingtaine d&rsquo;organisations (CGT, FSU, Solidaires, LDH, Sud Sant\u00e9-sociaux, Union syndicale de la psychiatrie, etc.).<\/em> <\/p>\n","protected":false},"excerpt":{"rendered":"<p>200.000 signatures contre la loi Sarkozy Le Collectif national contre la d\u00e9lation annonce que sa&hellip;<\/p>\n","protected":false},"author":1,"featured_media":0,"comment_status":"open","ping_status":"closed","sticky":false,"template":"","format":"standard","meta":{"footnotes":""},"categories":[585],"tags":[],"class_list":["post-21491","post","type-post","status-publish","format-standard","hentry","category-revue-de-presse"],"_links":{"self":[{"href":"https:\/\/www.uspsy.fr\/index.php?rest_route=\/wp\/v2\/posts\/21491","targetHints":{"allow":["GET"]}}],"collection":[{"href":"https:\/\/www.uspsy.fr\/index.php?rest_route=\/wp\/v2\/posts"}],"about":[{"href":"https:\/\/www.uspsy.fr\/index.php?rest_route=\/wp\/v2\/types\/post"}],"author":[{"embeddable":true,"href":"https:\/\/www.uspsy.fr\/index.php?rest_route=\/wp\/v2\/users\/1"}],"replies":[{"embeddable":true,"href":"https:\/\/www.uspsy.fr\/index.php?rest_route=%2Fwp%2Fv2%2Fcomments&post=21491"}],"version-history":[{"count":0,"href":"https:\/\/www.uspsy.fr\/index.php?rest_route=\/wp\/v2\/posts\/21491\/revisions"}],"wp:attachment":[{"href":"https:\/\/www.uspsy.fr\/index.php?rest_route=%2Fwp%2Fv2%2Fmedia&parent=21491"}],"wp:term":[{"taxonomy":"category","embeddable":true,"href":"https:\/\/www.uspsy.fr\/index.php?rest_route=%2Fwp%2Fv2%2Fcategories&post=21491"},{"taxonomy":"post_tag","embeddable":true,"href":"https:\/\/www.uspsy.fr\/index.php?rest_route=%2Fwp%2Fv2%2Ftags&post=21491"}],"curies":[{"name":"wp","href":"https:\/\/api.w.org\/{rel}","templated":true}]}}