{"id":21498,"date":"2006-09-14T14:52:00","date_gmt":"2006-09-14T12:52:00","guid":{"rendered":"https:\/\/www.uspsy.fr\/?p=21498"},"modified":"2006-09-14T14:52:00","modified_gmt":"2006-09-14T12:52:00","slug":"20-minutes-14-septembre-2006","status":"publish","type":"post","link":"https:\/\/www.uspsy.fr\/?p=21498","title":{"rendered":"20 minutes &#8211; 14 septembre 2006"},"content":{"rendered":"<p><strong>Moins de cr\u00e9dits, plus de souffrances psy<\/strong><\/p>\n<p>Leur collaboration est mise en danger. Hier, la mairie de Rillieux et le chef du service psychiatrie du centre m\u00e9dico-psychologique (CMP) de la ville, Gilles Burloux, ont d\u00e9nonc\u00e9 les cons\u00e9quences \u00ab dramatiques \u00bb des restrictions budg\u00e9taires en psychiatrie. Engag\u00e9s depuis 1999 dans une charte pour la sant\u00e9 mentale, la ville et le CMP (rattach\u00e9 au Vinatier de Bron) avaient pris l&rsquo;habitude de travailler ensemble, en lien avec les acteurs sociaux et la gendarmerie, pour am\u00e9liorer le d\u00e9pistage des troubles mentaux. \u00ab Ces maladies sont l&rsquo;une des causes de l&rsquo;ins\u00e9curit\u00e9 et des probl\u00e8mes de voisinage en ville. Il \u00e9tait essentiel de faciliter l&rsquo;acc\u00e8s aux soins des personnes en souffrance \u00bb, indique le maire (PS) de Rillieux, Renaud Gauquelin. \u00ab Mais l&rsquo;\u00e9volution purement comptable de la psychiatrie en France ne nous donne plus les moyens de continuer notre travail en r\u00e9seau \u00bb, s&rsquo;insurge son premier adjoint, Jacky Darne.<\/p>\n<p>En trois ans, le service de Gilles Burloux, compos\u00e9 de trois praticiens hospitaliers pour un secteur couvrant 52 000 habitants, a perdu un poste d&rsquo;assistant et un interne. Dans le m\u00eame temps, les demandes de consultation et d&rsquo;hospitalisation ont doubl\u00e9. R\u00e9sultat : le d\u00e9lai d&rsquo;attente pour une consultation est pass\u00e9 \u00e0 trois mois et la dur\u00e9e d&rsquo;hospitalisation a \u00e9t\u00e9 revue \u00e0 la baisse, faute de lits. \u00ab Les patients qui sortent ne sont pas soign\u00e9s \u00bb, ajoute Gilles Burloux. \u00ab Les troubles qui auraient pu \u00eatre gu\u00e9ris se transforment en pathologies explosives \u00bb, s&rsquo;inqui\u00e8te la mairie, soucieuse d&rsquo;\u00eatre entendue par le minist\u00e8re de la Sant\u00e9 sur ce sujet. <\/p>\n<p>Elisa Frisullo<\/p>\n<p><em>Entre 1998 et 2005, le nombre de personnes ayant consult\u00e9 au moins une fois par an est pass\u00e9 de 700 \u00e0 1 112 au centre m\u00e9dico-psychologique de Rillieux. En 2004, le CMP a accueilli 7 000 personnes.<\/em><\/p>\n","protected":false},"excerpt":{"rendered":"<p>Moins de cr\u00e9dits, plus de souffrances psy Leur collaboration est mise en danger. Hier, la&hellip;<\/p>\n","protected":false},"author":1,"featured_media":0,"comment_status":"open","ping_status":"closed","sticky":false,"template":"","format":"standard","meta":{"footnotes":""},"categories":[585],"tags":[],"class_list":["post-21498","post","type-post","status-publish","format-standard","hentry","category-revue-de-presse"],"_links":{"self":[{"href":"https:\/\/www.uspsy.fr\/index.php?rest_route=\/wp\/v2\/posts\/21498","targetHints":{"allow":["GET"]}}],"collection":[{"href":"https:\/\/www.uspsy.fr\/index.php?rest_route=\/wp\/v2\/posts"}],"about":[{"href":"https:\/\/www.uspsy.fr\/index.php?rest_route=\/wp\/v2\/types\/post"}],"author":[{"embeddable":true,"href":"https:\/\/www.uspsy.fr\/index.php?rest_route=\/wp\/v2\/users\/1"}],"replies":[{"embeddable":true,"href":"https:\/\/www.uspsy.fr\/index.php?rest_route=%2Fwp%2Fv2%2Fcomments&post=21498"}],"version-history":[{"count":0,"href":"https:\/\/www.uspsy.fr\/index.php?rest_route=\/wp\/v2\/posts\/21498\/revisions"}],"wp:attachment":[{"href":"https:\/\/www.uspsy.fr\/index.php?rest_route=%2Fwp%2Fv2%2Fmedia&parent=21498"}],"wp:term":[{"taxonomy":"category","embeddable":true,"href":"https:\/\/www.uspsy.fr\/index.php?rest_route=%2Fwp%2Fv2%2Fcategories&post=21498"},{"taxonomy":"post_tag","embeddable":true,"href":"https:\/\/www.uspsy.fr\/index.php?rest_route=%2Fwp%2Fv2%2Ftags&post=21498"}],"curies":[{"name":"wp","href":"https:\/\/api.w.org\/{rel}","templated":true}]}}