{"id":21501,"date":"2006-10-07T12:51:00","date_gmt":"2006-10-07T10:51:00","guid":{"rendered":"https:\/\/www.uspsy.fr\/?p=21501"},"modified":"2006-10-07T12:51:00","modified_gmt":"2006-10-07T10:51:00","slug":"le-monde-7-octobre-2006","status":"publish","type":"post","link":"https:\/\/www.uspsy.fr\/?p=21501","title":{"rendered":"Le Monde &#8211; 7 octobre 2006"},"content":{"rendered":"<p>L&rsquo;ensemble des organisations repr\u00e9sentatives de la psychiatrie, associ\u00e9es aux repr\u00e9sentants des familles et des patients, a solennellement appel\u00e9, mercredi 4 octobre, au retrait des dispositions r\u00e9formant l&rsquo;hospitalisation sous contrainte incluses dans le projet de loi de pr\u00e9vention de la d\u00e9linquance. Les organisations protestataires, qui demandent une audience au pr\u00e9sident de la R\u00e9publique, d\u00e9noncent \u00ab\u00a0l&rsquo;amalgame inacceptable\u00a0\u00bb que ferait le projet de loi entre \u00ab\u00a0maladie mentale et d\u00e9linquance\u00a0\u00bb.<\/p>\n<p>Adopt\u00e9 en premi\u00e8re lecture, le 21 septembre, par le S\u00e9nat, le texte, \u00e9labor\u00e9 par le ministre de l&rsquo;int\u00e9rieur, Nicolas Sarkozy, comporte plusieurs dispositions r\u00e9formant la loi de 1990 sur l&rsquo;internement psychiatrique. Le projet \u00e9tend notamment les pr\u00e9rogatives du maire en mati\u00e8re d&rsquo;hospitalisation sous contrainte, durcit les conditions de sortie des patients et cr\u00e9e un fichier national des personnes hospitalis\u00e9es d&rsquo;office pour cinq ans.<\/p>\n<p><strong>\u00ab\u00a0RETOUR EN ARRI\u00c8RE\u00a0\u00bb<\/strong><\/p>\n<p>Pour les intervenants en psychiatrie, l&rsquo;introduction de dispositions sanitaires dans un texte visant \u00e0 pr\u00e9venir la d\u00e9linquance pose un probl\u00e8me de principe, t\u00e9moignant d&rsquo;un \u00ab\u00a0retour en arri\u00e8re\u00a0\u00bb dans la conception par les pouvoirs publics des questions de sant\u00e9 mentale. \u00ab\u00a0Depuis deux si\u00e8cles, quand un malade mental commet un crime ou un d\u00e9lit, il est avant tout consid\u00e9r\u00e9 comme un patient, a expliqu\u00e9 le docteur Olivier Boitard, pr\u00e9sident du Comit\u00e9 d&rsquo;action syndical de la psychiatrie. Et voil\u00e0 que ce texte nous replonge dans la confusion.\u00a0\u00bb<\/p>\n<p>Les organisations syndicales ont d\u00e9plor\u00e9 \u00ab\u00a0l&rsquo;absence pr\u00e9occupante\u00a0\u00bb du ministre de la sant\u00e9, Xavier Bertrand, dans ce d\u00e9bat. \u00ab\u00a0Conscients\u00a0\u00bb des probl\u00e8mes de s\u00e9curit\u00e9 auxquels est confront\u00e9e la psychiatrie, les professionnels ont rappel\u00e9 qu&rsquo;ils r\u00e9clamaient depuis plusieurs ann\u00e9es une r\u00e9vision de la loi de 1990, r\u00e9vision maintes fois report\u00e9e par le minist\u00e8re de la sant\u00e9.<\/p>\n<p>Les protestations atteignent d\u00e9sormais toute la communaut\u00e9 m\u00e9dicale. L&rsquo;Intersyndicat national des praticiens hospitaliers et la Coordination des praticiens hospitaliers d\u00e9noncent une \u00ab\u00a0r\u00e9gression dans la prise en charge des malades\u00a0\u00bb, tandis que le Conseil de l&rsquo;ordre des m\u00e9decins estime que le projet de loi entra\u00eenerait \u00ab\u00a0une violation grave des droits \u00e0 la vie priv\u00e9e et \u00e0 l&rsquo;intimit\u00e9 des patients\u00a0\u00bb. <\/p>\n<p>C\u00e9cile Prieur<\/p>\n","protected":false},"excerpt":{"rendered":"<p>L&rsquo;ensemble des organisations repr\u00e9sentatives de la psychiatrie, associ\u00e9es aux repr\u00e9sentants des familles et des patients,&hellip;<\/p>\n","protected":false},"author":1,"featured_media":0,"comment_status":"open","ping_status":"closed","sticky":false,"template":"","format":"standard","meta":{"footnotes":""},"categories":[585],"tags":[],"class_list":["post-21501","post","type-post","status-publish","format-standard","hentry","category-revue-de-presse"],"_links":{"self":[{"href":"https:\/\/www.uspsy.fr\/index.php?rest_route=\/wp\/v2\/posts\/21501","targetHints":{"allow":["GET"]}}],"collection":[{"href":"https:\/\/www.uspsy.fr\/index.php?rest_route=\/wp\/v2\/posts"}],"about":[{"href":"https:\/\/www.uspsy.fr\/index.php?rest_route=\/wp\/v2\/types\/post"}],"author":[{"embeddable":true,"href":"https:\/\/www.uspsy.fr\/index.php?rest_route=\/wp\/v2\/users\/1"}],"replies":[{"embeddable":true,"href":"https:\/\/www.uspsy.fr\/index.php?rest_route=%2Fwp%2Fv2%2Fcomments&post=21501"}],"version-history":[{"count":0,"href":"https:\/\/www.uspsy.fr\/index.php?rest_route=\/wp\/v2\/posts\/21501\/revisions"}],"wp:attachment":[{"href":"https:\/\/www.uspsy.fr\/index.php?rest_route=%2Fwp%2Fv2%2Fmedia&parent=21501"}],"wp:term":[{"taxonomy":"category","embeddable":true,"href":"https:\/\/www.uspsy.fr\/index.php?rest_route=%2Fwp%2Fv2%2Fcategories&post=21501"},{"taxonomy":"post_tag","embeddable":true,"href":"https:\/\/www.uspsy.fr\/index.php?rest_route=%2Fwp%2Fv2%2Ftags&post=21501"}],"curies":[{"name":"wp","href":"https:\/\/api.w.org\/{rel}","templated":true}]}}