{"id":21502,"date":"2006-10-10T13:07:00","date_gmt":"2006-10-10T11:07:00","guid":{"rendered":"https:\/\/www.uspsy.fr\/?p=21502"},"modified":"2006-10-10T13:07:00","modified_gmt":"2006-10-10T11:07:00","slug":"la-depeche-du-midi-edition","status":"publish","type":"post","link":"https:\/\/www.uspsy.fr\/?p=21502","title":{"rendered":"La D\u00e9p\u00eache du Midi &#8211; \u00e9dition nationale du 10 octobre 2006."},"content":{"rendered":"<p><strong>Vent de r\u00e9volte chez les psys<\/strong><\/p>\n<p>Le collectif national contre le projet de loi Sarkozy sur la pr\u00e9vention de la d\u00e9linquance appelle, aujourd\u2019hui, \u00e0 une journ\u00e9e d\u2019action nationale. Une manifestation aura lieu \u00e0 Toulouse \u00e0 partir de 12 heures place Saint-Sernin. Psychiatre hospitalier \u00e0 Auch, Olivier Labouret explique les raisons de la col\u00e8re.<\/p>\n<p><em>Vous parlez d\u2019une loi liberticide et d\u00e9noncez les nouveaux pouvoir promis aux maires en mati\u00e8re d\u2019hospitalisation d\u2019office. Qu\u2019est-ce qui vous inqui\u00e8te ?<\/em><\/p>\n<p>Ce que nous refusons, c\u2019est l\u2019instrumentalisation de notre profession \u00e0 des fins s\u00e9curitaires. Notre mission c\u2019est le soin, la sant\u00e9 mentale, pas l\u2019ordre public. Et de ce point de vue, il est \u00e9vident que le projet de loi qui doit \u00eatre soumis \u00e0 l\u2019assembl\u00e9e nationale est dangereux. Il faut que les gens sachent que si ce texte est adopt\u00e9, le maire pourra d\u00e9cider d\u2019ordonner l\u2019hospitalisation d\u2019office d\u2019une personne s\u2019il consid\u00e8re que son comportement compromet l\u2019ordre public ou la s\u00fbret\u00e9 des personnes. En clair, une sc\u00e8ne de m\u00e9nage ou une soir\u00e9e trop arros\u00e9e dans la rue pourra se terminer par un internement en h\u00f4pital psychiatrique. Ce qui est absolument inacceptable, c\u2019est que cette d\u00e9cision qui jusque-l\u00e0 \u00e9tait prise par un m\u00e9decin, se prendra d\u00e9sormais sans aucun avis m\u00e9dical !<\/p>\n<p><em>Vous d\u00e9noncez \u00e9galement le fichage syst\u00e9matique des patients hospitalis\u00e9s dans ces conditions&#8230;<\/em><\/p>\n<p>Oui, ces patients seront fich\u00e9s pendant cinq ans et le pr\u00e9fet comme le directeur de la DDASS auront acc\u00e8s \u00e0 ces informations au m\u00e9pris du secret m\u00e9dical. Il y a plus grave : le d\u00e9lai de r\u00e9tention dans le cadre d\u2019une hospitalisation d\u2019office passera de 48 heures \u00e0 72 heures, m\u00eame si l\u2019avis m\u00e9dical n\u2019en confirme pas le bien fond\u00e9. On a le sentiment, aujourd\u2019hui, que le politique veut d\u00e9lib\u00e9r\u00e9ment \u00e9carter le praticien hospitalier. Par exemple, \u00e0 tous moments le maire pourra demander une expertise m\u00e9dicale sur un patient. Quand on conna\u00eet la grande mis\u00e8re de l\u2019expertise psychiatrique (voir Outreau) on peut nourrir quelques inqui\u00e9tudes sur ces orientations.<\/p>\n<p><em>Ce mouvement d\u00e9passe largement la seule psychiatrie&#8230;<\/em><\/p>\n<p>Oui, il y a dans notre collectif des soignants, des enseignants, des magistrats, des avocats et des travailleurs sociaux qui craignent la mise en place de l\u2019\u00e9quation suivante : pr\u00e9carit\u00e9 = d\u00e9linquance = trouble psychiatrique. En d\u2019autres termes ce que l\u2019on voit se profiler c\u2019est une d\u00e9rive vers un ordre normatif \u00e0 l\u2019am\u00e9ricaine plut\u00f4t inqui\u00e9tant quand on conna\u00eet les ambitions de son auteur.<\/p>\n<p>Propos recueillis par H. Monzat <\/p>\n","protected":false},"excerpt":{"rendered":"<p>Vent de r\u00e9volte chez les psys Le collectif national contre le projet de loi Sarkozy&hellip;<\/p>\n","protected":false},"author":1,"featured_media":0,"comment_status":"open","ping_status":"closed","sticky":false,"template":"","format":"standard","meta":{"footnotes":""},"categories":[585],"tags":[],"class_list":["post-21502","post","type-post","status-publish","format-standard","hentry","category-revue-de-presse"],"_links":{"self":[{"href":"https:\/\/www.uspsy.fr\/index.php?rest_route=\/wp\/v2\/posts\/21502","targetHints":{"allow":["GET"]}}],"collection":[{"href":"https:\/\/www.uspsy.fr\/index.php?rest_route=\/wp\/v2\/posts"}],"about":[{"href":"https:\/\/www.uspsy.fr\/index.php?rest_route=\/wp\/v2\/types\/post"}],"author":[{"embeddable":true,"href":"https:\/\/www.uspsy.fr\/index.php?rest_route=\/wp\/v2\/users\/1"}],"replies":[{"embeddable":true,"href":"https:\/\/www.uspsy.fr\/index.php?rest_route=%2Fwp%2Fv2%2Fcomments&post=21502"}],"version-history":[{"count":0,"href":"https:\/\/www.uspsy.fr\/index.php?rest_route=\/wp\/v2\/posts\/21502\/revisions"}],"wp:attachment":[{"href":"https:\/\/www.uspsy.fr\/index.php?rest_route=%2Fwp%2Fv2%2Fmedia&parent=21502"}],"wp:term":[{"taxonomy":"category","embeddable":true,"href":"https:\/\/www.uspsy.fr\/index.php?rest_route=%2Fwp%2Fv2%2Fcategories&post=21502"},{"taxonomy":"post_tag","embeddable":true,"href":"https:\/\/www.uspsy.fr\/index.php?rest_route=%2Fwp%2Fv2%2Ftags&post=21502"}],"curies":[{"name":"wp","href":"https:\/\/api.w.org\/{rel}","templated":true}]}}