{"id":21527,"date":"2006-10-17T23:24:43","date_gmt":"2006-10-17T21:24:43","guid":{"rendered":"https:\/\/www.uspsy.fr\/?p=21527"},"modified":"2006-10-17T23:24:43","modified_gmt":"2006-10-17T21:24:43","slug":"l-humanite-12-octobre-2006","status":"publish","type":"post","link":"https:\/\/www.uspsy.fr\/?p=21527","title":{"rendered":"L&rsquo;Humanit\u00e9 &#8211; 12 octobre 2006"},"content":{"rendered":"<p>Tribune libre<\/p>\n<p><strong>Punir les pauvres<\/strong><\/p>\n<p>Depuis le printemps 2004, l\u2019Union syndicale de la psychiatrie (USP) s\u2019est engag\u00e9e avec le collectif national unitaire dans la lutte contre le projet de loi dit de pr\u00e9vention de la d\u00e9linquance. Il s\u2019agissait de d\u00e9noncer l\u2019instrumentalisation de la psychiatrie et de l\u2019ensemble du sanitaire, mais aussi celle des enseignants, des travailleurs sociaux et des \u00e9ducateurs \u00e0 des fins de contr\u00f4le social.<\/p>\n<p><strong>L\u2019ensemble des syndicats de psychiatres s\u2019est depuis le d\u00e9but de l\u2019\u00e9t\u00e9 mobilis\u00e9 pour demander le retrait de tous ce qui concerne l\u2019organisation des soins en psychiatrie. Le conseil de l\u2019ordre des m\u00e9decins et la commission nationale consultative des droits de l\u2019homme ont manifest\u00e9 sans effet leur inqui\u00e9tude concernant les atteintes au secret professionnel<br \/>\net le \u00ab recul des droits de la personne fragile ou malade \u00bb.<\/strong><\/p>\n<p>Il s\u2019agissait aussi et surtout pour l\u2019USP de d\u00e9noncer la confusion entretenue entre d\u00e9linquance, pr\u00e9carit\u00e9, fragilit\u00e9, absent\u00e9isme scolaire, sant\u00e9 mentale, voire immigration, qui sous-tend l\u2019ensemble des propositions. Faut-il d\u00e8s lors s\u2019\u00e9tonner de voir appara\u00eetre dans la derni\u00e8re version du projet adopt\u00e9e le 21 septembre 2006 des articles concernant les gens du voyage et les chiens m\u00e9chants&#8230; L\u2019esprit du texte, sa volont\u00e9 \u00e9vidente de constituer par association une \u00ab image type du suppos\u00e9 nuisible \u00bb, est ainsi compl\u00e9t\u00e9 et confort\u00e9. Ce projet s\u2019apparente ainsi plut\u00f4t<br \/>\n\u00e0 un texte de propagande populiste visant \u00e0 d\u00e9douaner a priori les \u00e9lus de toute responsabilit\u00e9 politique, par la stigmatisation de millions d\u2019individus.<\/p>\n<p>La mauvaise foi et le cynisme sont des armes redoutables, comme nous l\u2019avons vu dans le cadre de la r\u00e9forme de l\u2019Assurance maladie, avec M. Douste Blazy, le contr\u00f4le des ch\u00f4meurs et le droit du travail avec M. de Villepin, la justice \u00e0 2 vitesses avec M. Perben ; la recherche de bouc \u00e9missaire, l\u2019affirmation que des parasites et des profiteurs corrompent le syst\u00e8me \u00e0 chaque fois favorisent le consensus. L\u2019ennemi est int\u00e9rieur, c\u2019est votre voisin de palier, celui qui n\u2019a pas l\u2019air de travailler, qui est trop vieux, qui a une dr\u00f4le de t\u00eate ou une dr\u00f4le de couleur, vous l\u2019avez toujours su&#8230;<\/p>\n<p>Peu importe si ces affirmations poussent \u00e0 la haine, la violence, les r\u00e8glements de comptes, c\u2019est ailleurs que cela se passe, chez les pauvres, les pr\u00e9caires, les vilains, tout en justifiant une nouvelle escalade de la r\u00e9pression. Un tel syst\u00e8me, qui se nourrit de la d\u00e9linquance, du ch\u00f4mage et de la pr\u00e9carit\u00e9, n\u2019a aucun int\u00e9r\u00eat \u00e0 les voir reculer.<\/p>\n<p>Gageons que lors de la discussion au Parlement, nous d\u00e9couvrirons pour le plus grand plaisir des r\u00e9dactions l\u2019histoire d\u2019une petite fille tzigane mordue par le chien m\u00e9chant d\u2019un SDF sans papiers sortant d\u2019une hospitalisation d\u2019office et \u00e9lev\u00e9 dans un quartier sans vid\u00e9osurveillance, r\u00e9guli\u00e8rement absent \u00e0 l\u2019\u00e9cole, dont les parents ch\u00f4meurs, fraudeurs aux allocations familiales, avaient pourtant rencontr\u00e9 deux travailleurs sociaux et un psychiatre&#8230; Pour permettre la liquidation des services publics et le renoncement \u00e0 toutes les avanc\u00e9es d\u2019apr\u00e8s-guerre, il faut conforter l\u2019id\u00e9e qu\u2019une partie de la population (les autres, \u00e9videmment) n\u2019est pas digne de l\u2019attention qu\u2019on lui porte. Surveiller et punir deviennent alors les seules orientations cr\u00e9dibles quel qu\u2019en soit le co\u00fbt financier et social. Les soins seront eux \u00e9valu\u00e9s au m\u00e9rite, sur la base de la valeur marchande de l\u2019individu. L\u2019eug\u00e9nisme social est ainsi assum\u00e9 pleinement et sans complexe, la r\u00e9ponse \u00e0 la pr\u00e9carit\u00e9 des conditions de vie doit \u00eatre une politique de simple gestion des \u00ab d\u00e9bordements \u00bb. C\u2019est pour combattre ces orientations inacceptables et dangereuses que l\u2019USP s\u2019est engag\u00e9e dans le CNU mais aussi dans le processus des \u00e9tats g\u00e9n\u00e9raux de la sant\u00e9 et de l\u2019assurance maladie (EGSAM) qui doivent se tenir les 21 et 22 octobre<br \/>\n\u00e0 Bobigny pour r\u00e9diger un manifeste pour la sant\u00e9.<\/p>\n<p>Par Pierre Paresys, pr\u00e9sident de l\u2019Union syndicale de la psychiatrie.<\/p>\n","protected":false},"excerpt":{"rendered":"<p>Tribune libre Punir les pauvres Depuis le printemps 2004, l\u2019Union syndicale de la psychiatrie (USP)&hellip;<\/p>\n","protected":false},"author":1,"featured_media":0,"comment_status":"open","ping_status":"closed","sticky":false,"template":"","format":"standard","meta":{"footnotes":""},"categories":[585],"tags":[],"class_list":["post-21527","post","type-post","status-publish","format-standard","hentry","category-revue-de-presse"],"_links":{"self":[{"href":"https:\/\/www.uspsy.fr\/index.php?rest_route=\/wp\/v2\/posts\/21527","targetHints":{"allow":["GET"]}}],"collection":[{"href":"https:\/\/www.uspsy.fr\/index.php?rest_route=\/wp\/v2\/posts"}],"about":[{"href":"https:\/\/www.uspsy.fr\/index.php?rest_route=\/wp\/v2\/types\/post"}],"author":[{"embeddable":true,"href":"https:\/\/www.uspsy.fr\/index.php?rest_route=\/wp\/v2\/users\/1"}],"replies":[{"embeddable":true,"href":"https:\/\/www.uspsy.fr\/index.php?rest_route=%2Fwp%2Fv2%2Fcomments&post=21527"}],"version-history":[{"count":0,"href":"https:\/\/www.uspsy.fr\/index.php?rest_route=\/wp\/v2\/posts\/21527\/revisions"}],"wp:attachment":[{"href":"https:\/\/www.uspsy.fr\/index.php?rest_route=%2Fwp%2Fv2%2Fmedia&parent=21527"}],"wp:term":[{"taxonomy":"category","embeddable":true,"href":"https:\/\/www.uspsy.fr\/index.php?rest_route=%2Fwp%2Fv2%2Fcategories&post=21527"},{"taxonomy":"post_tag","embeddable":true,"href":"https:\/\/www.uspsy.fr\/index.php?rest_route=%2Fwp%2Fv2%2Ftags&post=21527"}],"curies":[{"name":"wp","href":"https:\/\/api.w.org\/{rel}","templated":true}]}}