{"id":22514,"date":"2008-12-02T15:47:39","date_gmt":"2008-12-02T14:47:39","guid":{"rendered":"https:\/\/www.uspsy.fr\/?p=22514"},"modified":"2021-06-01T21:19:42","modified_gmt":"2021-06-01T19:19:42","slug":"communique-de-l-usp-du-2-decembre","status":"publish","type":"post","link":"https:\/\/www.uspsy.fr\/?p=22514","title":{"rendered":"communiqu\u00e9 de l&rsquo;USP du 2 d\u00e9cembre 2008 : Non \u00e0 des centres de r\u00e9tention de s\u00e9curit\u00e9 pour les SDF"},"content":{"rendered":"La mort de 4 SDF dans le bois de Vincennes \u00e0 Paris \u00e0 l\u2019entr\u00e9e de l\u2019hiver donne lieu \u00e0 une op\u00e9ration politique compassionnelle et r\u00e9pressive qui va bien au-del\u00e0 de ce qui se passe chaque ann\u00e9e. La ministre du Logement et de la ville, Christine Boutin, s\u2019est fait, en effet, la porte-parole d\u2019une politique r\u00e9pressive contre les SDF qui refusent les centres d\u2019h\u00e9bergement d\u2019urgence : elle souhaite mettre \u00e0 l\u2019\u00e9tude la possibilit\u00e9 de contraindre les SDF \u00e0 un h\u00e9bergement obligatoire par grand froid, apr\u00e8s avoir pr\u00f4n\u00e9 la veille l\u2019installation de mobile homes. Ces d\u00e9clarations t\u00e9moignent du peu de cas qu\u2019elle fait des droits de l\u2019homme et des lois existantes sur l\u2019assistance \u00e0 personnes en danger par une mesure qui viole la libert\u00e9 de circulation dans l\u2019espace public et pr\u00f4ne une gestion des risques r\u00e9pressive pour une cat\u00e9gorie de population. \nL\u2019ampleur de l\u2019opposition des associations \u00e0 cette atteinte d\u00e9mocratique a contraint le Premier ministre, puis le Pr\u00e9sident \u00e0 admettre que l\u2019on ne mettre \u00e0 l\u2019abri un sans domicile sans son accord. Il n\u2019en reste pas moins la vision r\u00e9pressive vis-\u00e0-vis des sans abris au nom d\u2019une compassion abstraite \u00ab pour leur bien \u00bb. \n\nCette violence promise aux SDF, qui vient comme un redoublement de la violence de la situation d\u2019\u00eatre \u00e0 la rue, est d\u2019autant plus intol\u00e9rable qu\u2019elle vient masquer, en pleine crise \u00e9conomique, l\u2019absence d\u2019une politique de logement social et l\u2019\u00e9chec de sa tentative de r\u00e9duire l\u2019impact de la loi SRU pour les localit\u00e9s qui refusent cette solidarit\u00e9 nationale, ainsi que sa carence \u00e0 financer v\u00e9ritablement l\u2019application de la loi Dalo sur le logement opposable.\n\nContrairement \u00e0 d\u2019autres pays europ\u00e9ens qui traitent en amont les causes d\u2019\u00eatre sans logis et en aval cr\u00e9ent des moyens d\u2019accueils dignes, ce qui se traduit par un recul du nombre de SDF, la France en compte aujourd\u2019hui pr\u00e8s de 100 000 avec des lieux d\u2019accueils lamentables et discriminatoires. \n\nLes SDF refusent les h\u00e9bergements d\u2019urgence parce qu\u2019ils ne s\u2019y sentent pas dignement trait\u00e9s et que les solutions bricol\u00e9es par eux-m\u00eames dans la rue leur paraissent plus s\u00fbres. Les \u00e9quipes sociales et sanitaires qui tentent d\u2019approcher ces laiss\u00e9s pour compte de la r\u00e9ussite sociale savent combien le temps pour construire un d\u00e9but de lien, combien la n\u00e9cessit\u00e9 de prendre soin par des passages r\u00e9p\u00e9t\u00e9s sont essentiels pour r\u00e9tablir une confiance relationnelle permettant aux propositions de sortir de la rue d\u2019\u00eatre accompagn\u00e9es par ces r\u00e9seaux d\u2019aide.\nCe n\u2019est donc ni par la criminalisation de l\u2019errance, ni le compassionnel agressif, ni la reconstruction de bidonvilles dans le bois de Vincennes qui seront une solution \u00e0 cette mort de la rue.\n\nAussi :\n&#8211; Nous refusons que soit reproduite l\u2019indignit\u00e9 des centres de r\u00e9tention pour les immigr\u00e9s non r\u00e9gularis\u00e9s ou de solutions qui ne sont que l\u2019enfermement chronique dans la pr\u00e9carit\u00e9.\n&#8211; Nous d\u00e9non\u00e7ons la r\u00e9pression du ph\u00e9nom\u00e8ne social SDF et en particulier la condamnation du DAL \u00e0 12000 euros d\u2019amende pour avoir anim\u00e9 un mouvement de tentes rue de la Banque \u00e0 Paris l\u2019hiver dernier.\n&#8211; Nous demandons qu\u2019une politique de logement social soit financ\u00e9e \u00e0 la hauteur des cadeaux fiscaux du bouclier fiscal de l\u2019\u00e9t\u00e9 2007 par exemple.\n&#8211; Nous refusons en tant que psychiatres d\u2019\u00eatre participants de pr\u00e8s ou de loin \u00e0 cette politique r\u00e9pressive. \n\n<h2 class=\"wp-block-heading\">Documents joints<\/h2>\n\n\n\n<div class=\"wp-block-file\"><a href=\"http:\/\/www.uspsy.fr\/wp-content\/uploads\/2008\/12\/pdf_communique_de_l_USP_non_a_des_centres_de_retention_pour_SDF_2_decembre_2008.pdf\">communiqu\u00e9 de l&rsquo;USP_non \u00e0 des centres de r\u00e9tention pour SDF_2 d\u00e9cembre 2008<\/a><\/div>\n\n\n","protected":false},"excerpt":{"rendered":"<p>La mort de 4 SDF dans le bois de Vincennes \u00e0 Paris \u00e0 l\u2019entr\u00e9e de&hellip;<\/p>\n","protected":false},"author":1,"featured_media":0,"comment_status":"open","ping_status":"closed","sticky":false,"template":"","format":"standard","meta":{"footnotes":""},"categories":[591],"tags":[],"class_list":["post-22514","post","type-post","status-publish","format-standard","hentry","category-communiques-de-presse"],"_links":{"self":[{"href":"https:\/\/www.uspsy.fr\/index.php?rest_route=\/wp\/v2\/posts\/22514","targetHints":{"allow":["GET"]}}],"collection":[{"href":"https:\/\/www.uspsy.fr\/index.php?rest_route=\/wp\/v2\/posts"}],"about":[{"href":"https:\/\/www.uspsy.fr\/index.php?rest_route=\/wp\/v2\/types\/post"}],"author":[{"embeddable":true,"href":"https:\/\/www.uspsy.fr\/index.php?rest_route=\/wp\/v2\/users\/1"}],"replies":[{"embeddable":true,"href":"https:\/\/www.uspsy.fr\/index.php?rest_route=%2Fwp%2Fv2%2Fcomments&post=22514"}],"version-history":[{"count":1,"href":"https:\/\/www.uspsy.fr\/index.php?rest_route=\/wp\/v2\/posts\/22514\/revisions"}],"predecessor-version":[{"id":22516,"href":"https:\/\/www.uspsy.fr\/index.php?rest_route=\/wp\/v2\/posts\/22514\/revisions\/22516"}],"wp:attachment":[{"href":"https:\/\/www.uspsy.fr\/index.php?rest_route=%2Fwp%2Fv2%2Fmedia&parent=22514"}],"wp:term":[{"taxonomy":"category","embeddable":true,"href":"https:\/\/www.uspsy.fr\/index.php?rest_route=%2Fwp%2Fv2%2Fcategories&post=22514"},{"taxonomy":"post_tag","embeddable":true,"href":"https:\/\/www.uspsy.fr\/index.php?rest_route=%2Fwp%2Fv2%2Ftags&post=22514"}],"curies":[{"name":"wp","href":"https:\/\/api.w.org\/{rel}","templated":true}]}}