{"id":22633,"date":"2009-01-26T12:49:11","date_gmt":"2009-01-26T11:49:11","guid":{"rendered":"https:\/\/www.uspsy.fr\/?p=22633"},"modified":"2021-06-01T21:21:30","modified_gmt":"2021-06-01T19:21:30","slug":"communique-de-l-usp-du-26-janvier","status":"publish","type":"post","link":"https:\/\/www.uspsy.fr\/?p=22633","title":{"rendered":"Communiqu\u00e9 de l&rsquo;USP du 26 janvier 2009 : Mobilisation et appel \u00e0 la gr\u00e8ve"},"content":{"rendered":"<h2> <strong>MOBILISATION ET APPEL A LA GREVE<\/strong> <\/h2>\n\n\n<strong>Contre la politique de la peur<\/strong>, qui organise la psychiatrie sur un mode discriminatoire et s\u00e9curitaire, au d\u00e9triment des pratiques de soin.\n\n\n<strong>Contre le projet de loi H\u00f4pital, Sant\u00e9, Patient, Territoire<\/strong>, qui organise la r\u00e9gression de la sant\u00e9 publique et de la psychiatrie de secteur, sur le mod\u00e8le des entreprises financi\u00e8res.\n\n\n<strong>Pour une psychiatrie de secteur<\/strong>, disposant des moyens n\u00e9cessaires \u00e0 la prise en charge des personnes en situation de souffrance psychique, quelles que soient l\u2019importance et l\u2019anciennet\u00e9 des troubles, dans le respect des libert\u00e9s fondamentales.\n\n\n\n\nAu-del\u00e0 du 29 janvier, l\u2019USP appelle \u00e0 une r\u00e9sistance prolong\u00e9e : \u00e0 partir du 1er f\u00e9vrier, l\u2019USP soutient, dans tous les h\u00f4pitaux et pour toutes les sp\u00e9cialit\u00e9s, le mot d\u2019ordre de la Conf\u00e9d\u00e9ration des Praticiens Hospitaliers de\n<h2>RETENTION DU CODAGE DES ACTES<\/h2>\n<h2 class=\"wp-block-heading\">Documents joints<\/h2>\n\n\n\n<div class=\"wp-block-file\"><a href=\"http:\/\/www.uspsy.fr\/wp-content\/uploads\/2009\/01\/pdf_Communique_de_presse_Mobilisation_et_appel_a_la_greve_26_01_09.pdf\">Communique_de_presse_Mobilisation_et_appel_a_la_greve_26_01_09.pdf<\/a><\/div>\n\n\n","protected":false},"excerpt":{"rendered":"<p>MOBILISATION ET APPEL A LA GREVE Contre la politique de la peur, qui organise la&hellip;<\/p>\n","protected":false},"author":1,"featured_media":0,"comment_status":"open","ping_status":"closed","sticky":false,"template":"","format":"standard","meta":{"footnotes":""},"categories":[591],"tags":[],"class_list":["post-22633","post","type-post","status-publish","format-standard","hentry","category-communiques-de-presse"],"_links":{"self":[{"href":"https:\/\/www.uspsy.fr\/index.php?rest_route=\/wp\/v2\/posts\/22633","targetHints":{"allow":["GET"]}}],"collection":[{"href":"https:\/\/www.uspsy.fr\/index.php?rest_route=\/wp\/v2\/posts"}],"about":[{"href":"https:\/\/www.uspsy.fr\/index.php?rest_route=\/wp\/v2\/types\/post"}],"author":[{"embeddable":true,"href":"https:\/\/www.uspsy.fr\/index.php?rest_route=\/wp\/v2\/users\/1"}],"replies":[{"embeddable":true,"href":"https:\/\/www.uspsy.fr\/index.php?rest_route=%2Fwp%2Fv2%2Fcomments&post=22633"}],"version-history":[{"count":1,"href":"https:\/\/www.uspsy.fr\/index.php?rest_route=\/wp\/v2\/posts\/22633\/revisions"}],"predecessor-version":[{"id":22635,"href":"https:\/\/www.uspsy.fr\/index.php?rest_route=\/wp\/v2\/posts\/22633\/revisions\/22635"}],"wp:attachment":[{"href":"https:\/\/www.uspsy.fr\/index.php?rest_route=%2Fwp%2Fv2%2Fmedia&parent=22633"}],"wp:term":[{"taxonomy":"category","embeddable":true,"href":"https:\/\/www.uspsy.fr\/index.php?rest_route=%2Fwp%2Fv2%2Fcategories&post=22633"},{"taxonomy":"post_tag","embeddable":true,"href":"https:\/\/www.uspsy.fr\/index.php?rest_route=%2Fwp%2Fv2%2Ftags&post=22633"}],"curies":[{"name":"wp","href":"https:\/\/api.w.org\/{rel}","templated":true}]}}