{"id":22874,"date":"2009-07-29T14:03:11","date_gmt":"2009-07-29T12:03:11","guid":{"rendered":"https:\/\/www.uspsy.fr\/?p=22874"},"modified":"2021-06-01T21:25:00","modified_gmt":"2021-06-01T19:25:00","slug":"communique-de-l-usp-du-29-juillet","status":"publish","type":"post","link":"https:\/\/www.uspsy.fr\/?p=22874","title":{"rendered":"Communiqu\u00e9 de l&rsquo;USP du 29 juillet 2009 : Nouvelle gouvernance : application"},"content":{"rendered":"Le directeur de l\u2019Agence r\u00e9gionale de l\u2019hospitalisation du Nord-Pas-de-Calais vient par un arr\u00eat\u00e9 de rejeter la demande de renouvellement de ses fonctions de chef de secteur du docteur Pierre Paresys.\n\nL\u2019USP avait d\u00e9j\u00e0 d\u00e9nonc\u00e9 cette situation dans un communiqu\u00e9 d\u00e9but juillet, la CME (la commission m\u00e9dicale d\u2019\u00e9tablissement) s\u2019\u00e9tant prononc\u00e9e pour le renouvellement et le CE (le conseil ex\u00e9cutif) contre.\n\nDe nombreux soutiens, locaux et nationaux, se sont exprim\u00e9s.\n\nIl est reproch\u00e9 \u00e0 ce m\u00e9decin, pourtant d\u00e9j\u00e0 renouvel\u00e9 deux fois dans les m\u00eames fonctions, entre autres : l\u2019opposition aux d\u00e9marches plurisectorielles, l\u2019absence de participation aux urgences du Centre Hospitalier G\u00e9n\u00e9ral de Dunkerque et \u00e0 l\u2019unit\u00e9 d\u2019accueil et d\u2019orientation de l\u2019EPSM des Flandres, et \u00e9galement de faire un r\u00e9quisitoire contre l\u2019ARH et la direction de l\u2019\u00e9tablissement.\n\nL\u2019USP rappelle que l\u2019organisation de la psychiatrie en secteur, secteur g\u00e9ographique, s\u2019appuie d\u2019une part sur la continuit\u00e9 des soins, une m\u00eame \u00e9quipe suit le patient pendant tout son parcours de soins, \u00e9vitant les ruptures, et d\u2019autre part sur l\u2019inscription dans la cit\u00e9, c\u2019est-\u00e0-dire la connaissance du terrain, des acteurs locaux.\n\nLes organisations plurisectorielles, intersectorielles et autres ne peuvent se substituer \u00e0 l\u2019organisation des secteurs, chaque secteur ayant ses particularit\u00e9s, du fait de son organisation g\u00e9o-d\u00e9mographique, de son histoire\u2026\n\nLes organisations \u00ab supra-sectorielles \u00bb n\u2019ont un sens que lorsqu\u2019elles correspondent \u00e0 un projet commun \u00e0 plusieurs secteurs, et \u00e9labor\u00e9 par ces secteurs.\n\nNous r\u00e9affirmons que l\u2019organisation des soins rel\u00e8ve de la comp\u00e9tence m\u00e9dicale \u2013 que chaque m\u00e9decin doit rester libre de sa pratique, que chaque \u00e9quipe psychiatrique doit pouvoir inventer et r\u00e9inventer le soin, au risque sinon de se d\u00e9sinvestir et de perdre l\u2019int\u00e9r\u00eat n\u00e9cessaire \u00e0 ce travail.\n\nEt, pour finir, rappelons qu\u2019en psychiatrie, les m\u00e9decins sont confront\u00e9s dans leur pratique \u00e0 l\u2019application de la loi de 1990, c\u2019est-\u00e0-dire \u00e0 se prononcer sur des mesures de privation de libert\u00e9. Cela demande bien s\u00fbr d\u2019avoir une totale ind\u00e9pendance des diff\u00e9rents pouvoirs administratifs et politiques. Cette ind\u00e9pendance est la seule garantie, pour les patients, que les d\u00e9cisions m\u00e9dicales les concernant seront prises en consid\u00e9ration uniquement de leur \u00e9tat clinique et non de pression ext\u00e9rieure.\n\nLa loi de 1990, issue de la loi de 1838, est toujours une loi de maintien de l\u2019ordre, et le risque de d\u00e9rive s\u00e9curitaire ne peut \u00eatre ignor\u00e9.\n\nL\u2019ind\u00e9pendance des m\u00e9decins vis-\u00e0-vis du pouvoir administratif et politique doit leur permettre d\u2019avoir une analyse, voire un avis critique envers eux, m\u00eame si cet avis semble prendre la forme d\u2019un r\u00e9quisitoire.\n\nL\u2019USP conteste les motifs du non renouvellement dans ses fonctions de chef de secteur de Pierre Paresys. Elle conteste ce pouvoir administratif, tel que voulu dans la nouvelle loi HPST.\n\n<h2 class=\"wp-block-heading\">Documents joints<\/h2>\n\n\n\n<div class=\"wp-block-file\"><a href=\"http:\/\/www.uspsy.fr\/wp-content\/uploads\/2009\/07\/pdf_Communique_de_l_USP_la_nouvelle_gouvernance-application_29_juillet_09.pdf\">Communiqu\u00e9 de l&rsquo;USP_la nouvelle gouvernance-application_29 juillet 09<\/a><\/div>\n\n\n","protected":false},"excerpt":{"rendered":"<p>Le directeur de l\u2019Agence r\u00e9gionale de l\u2019hospitalisation du Nord-Pas-de-Calais vient par un arr\u00eat\u00e9 de rejeter&hellip;<\/p>\n","protected":false},"author":1,"featured_media":0,"comment_status":"open","ping_status":"closed","sticky":false,"template":"","format":"standard","meta":{"footnotes":""},"categories":[591],"tags":[],"class_list":["post-22874","post","type-post","status-publish","format-standard","hentry","category-communiques-de-presse"],"_links":{"self":[{"href":"https:\/\/www.uspsy.fr\/index.php?rest_route=\/wp\/v2\/posts\/22874","targetHints":{"allow":["GET"]}}],"collection":[{"href":"https:\/\/www.uspsy.fr\/index.php?rest_route=\/wp\/v2\/posts"}],"about":[{"href":"https:\/\/www.uspsy.fr\/index.php?rest_route=\/wp\/v2\/types\/post"}],"author":[{"embeddable":true,"href":"https:\/\/www.uspsy.fr\/index.php?rest_route=\/wp\/v2\/users\/1"}],"replies":[{"embeddable":true,"href":"https:\/\/www.uspsy.fr\/index.php?rest_route=%2Fwp%2Fv2%2Fcomments&post=22874"}],"version-history":[{"count":1,"href":"https:\/\/www.uspsy.fr\/index.php?rest_route=\/wp\/v2\/posts\/22874\/revisions"}],"predecessor-version":[{"id":22876,"href":"https:\/\/www.uspsy.fr\/index.php?rest_route=\/wp\/v2\/posts\/22874\/revisions\/22876"}],"wp:attachment":[{"href":"https:\/\/www.uspsy.fr\/index.php?rest_route=%2Fwp%2Fv2%2Fmedia&parent=22874"}],"wp:term":[{"taxonomy":"category","embeddable":true,"href":"https:\/\/www.uspsy.fr\/index.php?rest_route=%2Fwp%2Fv2%2Fcategories&post=22874"},{"taxonomy":"post_tag","embeddable":true,"href":"https:\/\/www.uspsy.fr\/index.php?rest_route=%2Fwp%2Fv2%2Ftags&post=22874"}],"curies":[{"name":"wp","href":"https:\/\/api.w.org\/{rel}","templated":true}]}}