{"id":23660,"date":"2010-09-21T13:25:46","date_gmt":"2010-09-21T11:25:46","guid":{"rendered":"https:\/\/www.uspsy.fr\/?p=23660"},"modified":"2021-06-01T21:36:26","modified_gmt":"2021-06-01T19:36:26","slug":"communique-de-l-usp-du-211337","status":"publish","type":"post","link":"https:\/\/www.uspsy.fr\/?p=23660","title":{"rendered":"Communiqu\u00e9 de l&rsquo;USP du 21 septembre 2010 : Contre la r\u00e9forme s\u00e9curitaire de la loi de 1990"},"content":{"rendered":"Les lois s\u00e9curitaires succ\u00e8dent aux r\u00e9formes de privatisation concurrentielle \u00e0 un rythme effr\u00e9n\u00e9. Apr\u00e8s la loi Bachelot subordonnant le service public de psychiatrie \u00e0 la rationalit\u00e9 gestionnaire, et l\u2019arsenal l\u00e9gislatif psychiatrisant toute forme de d\u00e9linquance et de d\u00e9viance, un nouveau projet de loi va \u00eatre pr\u00e9sent\u00e9 au parlement cet automne.\n\n<strong>La loi HPST met un terme \u00e0 la politique g\u00e9n\u00e9raliste de secteur, qui assurait la continuit\u00e9 et l\u2019\u00e9galit\u00e9 des soins.<\/strong> L\u2019ind\u00e9pendance des psychiatres dispara\u00eet dans leur totale subordination \u00e0 la rationalit\u00e9 gestionnaire (contrats, int\u00e9ressement, sanctions, d\u00e9signation par le directeur, etc.). Les objectifs d\u2019activit\u00e9 seront les seuls crit\u00e8res selon lesquels sera jug\u00e9e la performance des soins : la concurrence va devenir g\u00e9n\u00e9rale, entre patients, soignants, p\u00f4les, \u00e9tablissements&#8230; Apr\u00e8s les franchises, la gestion des lits et des places \u00e0 flux tendu et le tri des patients d\u2019une structure \u00e0 l\u2019autre mettent fin au droit \u00e0 un acc\u00e8s \u00e9gal aux soins pour tous. L\u2019ensemble du dispositif tend \u00e0 concentrer les structures en vue de leur rentabilisation et favorise les plateaux techniques et le priv\u00e9 au d\u00e9triment des soins de proximit\u00e9. _ Cons\u00e9quence : un nombre incalculable de patients ne se soignent plus, ou mal.\n \n<strong>Le projet de loi \u00ab relatif aux droits et \u00e0 la protection des personnes faisant l\u2019objet de soins psychiatriques \u00bb ne parle que de soins sous contrainte.<\/strong> Il marque un tournant liberticide de la psychiatrie, o\u00f9 le contr\u00f4le social de la normalit\u00e9 des comportements (fichage g\u00e9n\u00e9ralis\u00e9\u2026) va remplacer l\u2019accompagnement bienveillant des personnes en souffrance psychique :\n&#8211; Renforcement du pouvoir de l\u2019Etat, d\u2019interner d\u2019office toute personne pr\u00e9sentant des \u00ab troubles \u00bb mettant en cause l\u2019ordre public qui vient aggraver le caract\u00e8re de loi d\u2019exception de la loi de 1990, d\u00e9rogeant au droit commun : la seule avec la r\u00e9pression de l\u2019immigration clandestine o\u00f9 une mesure de privation de libert\u00e9 est d\u00e9cid\u00e9e non par un juge et les possibilit\u00e9s de recours, mais par le repr\u00e9sentant de l\u2019Etat\u2026 Si avec la circulaire du 11 janvier 2010 le pr\u00e9fet n\u2019est d\u00e9j\u00e0 plus tenu de suivre l\u2019avis m\u00e9dical, cette pr\u00e9rogative devient force de loi : il a tout pouvoir jusqu\u2019\u00e0 la saisie \u00e0 post\u00e9riori du juge des libert\u00e9s et de la d\u00e9tention ;\n&#8211; Restriction des droits des patients et des familles, ainsi que du contre-pouvoir judiciaire ;\n&#8211; Cantonnement des m\u00e9decins psychiatres \u00e0 un r\u00f4le de gardiens de l\u2019ordre public, ne pouvant garantir les libert\u00e9s et donc la sant\u00e9 de leurs patients, l\u2019accueil sous contrainte de 72 heures \u00e9tant une v\u00e9ritable garde \u00e0 vue ;\n&#8211; G\u00e9n\u00e9ralisation de la possibilit\u00e9 de soins sous contrainte \u00e0 domicile, augurant l\u2019av\u00e8nement d\u2019une soci\u00e9t\u00e9 de contr\u00f4le o\u00f9 chacun pourra \u00eatre enferm\u00e9 et \u00ab trait\u00e9 \u00bb chez soi !\n\n La psychiatrie est-elle devenue le terrain exp\u00e9rimental de l\u2019id\u00e9ologie s\u00e9curitaire au pouvoir ? Derri\u00e8re cet \u00e9pouvantail du fou que l\u2019on agite, n\u2019est-ce pas chacun d\u2019entre nous qui est vis\u00e9, somm\u00e9 de se conformer \u00e0 l\u2019ordre n\u00e9olib\u00e9ral ? \n<br \/><strong>Nous disons Non \u00e0 ce grand renfermement \u00e0 domicile et \u00e0 cette atteinte grave des libert\u00e9s publiques !\n<br \/>Nous appelons le 28 septembre \u00e0 faire gr\u00e8ve pour refuser ce projet de loi liberticide et suspendre l\u2019application de la loi HPST.<\/strong>\n\n<h2 class=\"wp-block-heading\">Documents joints<\/h2>\n\n\n\n<div class=\"wp-block-file\"><a href=\"http:\/\/www.uspsy.fr\/wp-content\/uploads\/2010\/09\/pdf_Communique_de_l_USP_2010_contre_la_reforme_loi_90_21_septembre_2010.pdf\">Communiqu\u00e9 de l&rsquo;USP 2010_contre la r\u00e9forme loi 90_21 septembre 2010<\/a><\/div>\n\n\n","protected":false},"excerpt":{"rendered":"<p>Les lois s\u00e9curitaires succ\u00e8dent aux r\u00e9formes de privatisation concurrentielle \u00e0 un rythme effr\u00e9n\u00e9. Apr\u00e8s la&hellip;<\/p>\n","protected":false},"author":1,"featured_media":0,"comment_status":"open","ping_status":"closed","sticky":false,"template":"","format":"standard","meta":{"footnotes":""},"categories":[591],"tags":[],"class_list":["post-23660","post","type-post","status-publish","format-standard","hentry","category-communiques-de-presse"],"_links":{"self":[{"href":"https:\/\/www.uspsy.fr\/index.php?rest_route=\/wp\/v2\/posts\/23660","targetHints":{"allow":["GET"]}}],"collection":[{"href":"https:\/\/www.uspsy.fr\/index.php?rest_route=\/wp\/v2\/posts"}],"about":[{"href":"https:\/\/www.uspsy.fr\/index.php?rest_route=\/wp\/v2\/types\/post"}],"author":[{"embeddable":true,"href":"https:\/\/www.uspsy.fr\/index.php?rest_route=\/wp\/v2\/users\/1"}],"replies":[{"embeddable":true,"href":"https:\/\/www.uspsy.fr\/index.php?rest_route=%2Fwp%2Fv2%2Fcomments&post=23660"}],"version-history":[{"count":1,"href":"https:\/\/www.uspsy.fr\/index.php?rest_route=\/wp\/v2\/posts\/23660\/revisions"}],"predecessor-version":[{"id":23662,"href":"https:\/\/www.uspsy.fr\/index.php?rest_route=\/wp\/v2\/posts\/23660\/revisions\/23662"}],"wp:attachment":[{"href":"https:\/\/www.uspsy.fr\/index.php?rest_route=%2Fwp%2Fv2%2Fmedia&parent=23660"}],"wp:term":[{"taxonomy":"category","embeddable":true,"href":"https:\/\/www.uspsy.fr\/index.php?rest_route=%2Fwp%2Fv2%2Fcategories&post=23660"},{"taxonomy":"post_tag","embeddable":true,"href":"https:\/\/www.uspsy.fr\/index.php?rest_route=%2Fwp%2Fv2%2Ftags&post=23660"}],"curies":[{"name":"wp","href":"https:\/\/api.w.org\/{rel}","templated":true}]}}