{"id":23897,"date":"2011-03-04T12:20:00","date_gmt":"2011-03-04T11:20:00","guid":{"rendered":"https:\/\/www.uspsy.fr\/?p=23897"},"modified":"2021-06-01T21:39:39","modified_gmt":"2021-06-01T19:39:39","slug":"non-a-la-loi-besson-et-a-la","status":"publish","type":"post","link":"https:\/\/www.uspsy.fr\/?p=23897","title":{"rendered":"Non \u00e0 la \u00ab\u00a0loi Besson\u00a0\u00bb et \u00e0 la x\u00e9nophobie ! &#8211; Appel \u00e0 rassemblement dans toute la France le 9 mars 2011 !"},"content":{"rendered":"Communiqu\u00e9 commun\n<br \/>Le 3 mars 2011\n \n \n<strong>Les organisations soussign\u00e9es qui, r\u00e9unies dans le Collectif \u00ab Non \u00e0 la x\u00e9nophobie et \u00e0 la politique du pilori \u00bb, ont mobilis\u00e9 le 4 septembre 2010 plus de cent cinquante mille citoyennes et citoyens, appellent \u00e0 des rassemblements dans toute la France mercredi 9 mars (\u00e0 Paris, \u00e0 18h30, place Edouard-Herriot, \u00e0 c\u00f4t\u00e9 de l\u2019Assembl\u00e9e nationale) contre la \u00ab loi Besson \u00bb, qui traduit en actes l\u2019orientation x\u00e9nophobe du \u00ab discours de Grenoble \u00bb.<\/strong>\n \nLe nouveau cas de d\u00e9ch\u00e9ance de nationalit\u00e9 discriminant les Fran\u00e7ais d\u2019origine \u00e9trang\u00e8re, le d\u00e9ni de droit d\u2019asile par la cr\u00e9ation de \u00ab zones d\u2019attente fictive \u00bb, l\u2019allongement de la dur\u00e9e de r\u00e9tention et les entraves au contr\u00f4le du juge, la mesure de bannissement sous la forme d\u2019une \u00ab interdiction de retour \u00bb, la chasse aux Roms et aux \u00e9trangers malades, la mise en place d\u2019un internement administratif de tr\u00e8s longue dur\u00e9e de \u00ab pr\u00e9sum\u00e9s terroristes \u00bb aggravent la politique de la peur et du rejet, qui fait des \u00e9trangers des boucs \u00e9missaires alors qu\u2019ils vivent ici, travaillent ici et partagent notre vie de tous les jours.\n \nNous soutenons pour cette raison le mouvement des travailleuses et travailleurs sans papiers en gr\u00e8ve pour leur r\u00e9gularisation, et demandons que les gouvernants respectent les textes et les engagements pris.\n \nNous appelons l\u2019ensemble des forces d\u00e9mocratiques \u00e0 exiger qu\u2019au lieu de faire des \u00e9trangers les cibles d\u2019une politique discriminatoire, les gouvernants actuels, qui n\u2019ont que trop coop\u00e9r\u00e9 avec les despotes dans la chasse aux migrants, r\u00e9pondent enfin \u00e0 l\u2019urgence de solidarit\u00e9 internationale avec les peuples lib\u00e9r\u00e9s sur l\u2019autre rive de la M\u00e9diterran\u00e9e.\n \nCe monde n\u2019a pas besoin que des lois renforcent les peurs et les haines x\u00e9nophobes, il a besoin que des politiques ouvertes sur l\u2019avenir fassent triompher les valeurs universelles qui doivent \u00eatre celles de la R\u00e9publique : celles de la d\u00e9mocratie, de l\u2019\u00e9galit\u00e9 en droits et en dignit\u00e9 des \u00eatres humains, de la libert\u00e9 pour tous les peuples.\n \n\nSignataires :\n\nAC !, Acort, ADDE, Les Alternatifs,  Asdhom , Arac,  ATF, ATMF,  Attac, CGT, Cimade, Collectif l\u2019\u00e9galit\u00e9 d\u2019abord, Collectif La journ\u00e9e sans immigres : 24h, Cran, Crid, Dal,  Droit solidarit\u00e9, Emma\u00fcs France, Emma\u00fcs international, Euromarches, Fase, F\u00e9d\u00e9ration Sud \u00e9ducation, Fasti, Fondation Copernic, France terre d\u2019asile, FSU, FTCR, Gauche cactus, Gauche unitaire, Gisti, Ligue des droits de l\u2019Homme, Mrap, Mouvement de la paix, Parti de Gauche, Parti socialiste, PCOF, Sos racisme, Organisation Femmes \u00e9galit\u00e9, SNJ-CGT, Syndicat de la magistrature, Unef,  Union juive fran\u00e7aise pour la paix,  Union syndicale Solidaires, USP.\n\n<h2 class=\"wp-block-heading\">Documents joints<\/h2>\n\n\n\n<div class=\"wp-block-file\"><a href=\"http:\/\/www.uspsy.fr\/wp-content\/uploads\/2011\/03\/pdf_Communique_Non_a_la_loi_Besson_et_a_la_xenophobie.pdf\">Communiqu\u00e9 Non \u00e0 la loi Besson et \u00e0 la x\u00e9nophobie.pdf<\/a><\/div>\n\n\n\n<div class=\"wp-block-file\"><a href=\"http:\/\/www.uspsy.fr\/wp-content\/uploads\/2011\/03\/pdf_Tract_Non_a_la_loi_Besson_et_a_la_xenophobie.pdf\">Tract Non \u00e0 la loi Besson et \u00e0 la x\u00e9nophobie.pdf<\/a><\/div>\n\n\n","protected":false},"excerpt":{"rendered":"<p>Communiqu\u00e9 commun Le 3 mars 2011 Les organisations soussign\u00e9es qui, r\u00e9unies dans le Collectif \u00ab&hellip;<\/p>\n","protected":false},"author":1,"featured_media":0,"comment_status":"open","ping_status":"closed","sticky":false,"template":"","format":"standard","meta":{"footnotes":""},"categories":[591],"tags":[],"class_list":["post-23897","post","type-post","status-publish","format-standard","hentry","category-communiques-de-presse"],"_links":{"self":[{"href":"https:\/\/www.uspsy.fr\/index.php?rest_route=\/wp\/v2\/posts\/23897","targetHints":{"allow":["GET"]}}],"collection":[{"href":"https:\/\/www.uspsy.fr\/index.php?rest_route=\/wp\/v2\/posts"}],"about":[{"href":"https:\/\/www.uspsy.fr\/index.php?rest_route=\/wp\/v2\/types\/post"}],"author":[{"embeddable":true,"href":"https:\/\/www.uspsy.fr\/index.php?rest_route=\/wp\/v2\/users\/1"}],"replies":[{"embeddable":true,"href":"https:\/\/www.uspsy.fr\/index.php?rest_route=%2Fwp%2Fv2%2Fcomments&post=23897"}],"version-history":[{"count":1,"href":"https:\/\/www.uspsy.fr\/index.php?rest_route=\/wp\/v2\/posts\/23897\/revisions"}],"predecessor-version":[{"id":23900,"href":"https:\/\/www.uspsy.fr\/index.php?rest_route=\/wp\/v2\/posts\/23897\/revisions\/23900"}],"wp:attachment":[{"href":"https:\/\/www.uspsy.fr\/index.php?rest_route=%2Fwp%2Fv2%2Fmedia&parent=23897"}],"wp:term":[{"taxonomy":"category","embeddable":true,"href":"https:\/\/www.uspsy.fr\/index.php?rest_route=%2Fwp%2Fv2%2Fcategories&post=23897"},{"taxonomy":"post_tag","embeddable":true,"href":"https:\/\/www.uspsy.fr\/index.php?rest_route=%2Fwp%2Fv2%2Ftags&post=23897"}],"curies":[{"name":"wp","href":"https:\/\/api.w.org\/{rel}","templated":true}]}}