{"id":24709,"date":"2013-09-09T11:11:00","date_gmt":"2013-09-09T09:11:00","guid":{"rendered":"https:\/\/www.uspsy.fr\/?p=24709"},"modified":"2021-06-01T21:50:08","modified_gmt":"2021-06-01T19:50:08","slug":"fermeture-de-maternites","status":"publish","type":"post","link":"https:\/\/www.uspsy.fr\/?p=24709","title":{"rendered":"Fermeture de maternit\u00e9s ! Suppression de services d\u2019urgences ! Collectif Notre Sant\u00e9 En Danger : Casse des h\u00f4pitaux ! C\u2019est Notre Sant\u00e9 qui est en Danger !"},"content":{"rendered":"Les maternit\u00e9s des Lilas, des Bluets, de Thann sont fortement menac\u00e9es, les maternit\u00e9s de Vire, de Marie-Galante, de la Seyne sur Mer, de Valr\u00e9as, Lannemezan, Quimperl\u00e9, d\u2019Ivry, de Saint-Antoine et de Saint Vincent de Paul et bien d\u2019autres ont ferm\u00e9 ainsi que les centres d\u2019interruption volontaire de grossesse. \n\nLes urgences de Wattrelos, Pont \u00e0 Mousson, Pont l\u2019Abb\u00e9, Lure, Juvisy\u2026 sont attaqu\u00e9es ou ferm\u00e9es.\n\nA l\u2019H\u00f4tel Dieu, le d\u00e9mant\u00e8lement de l\u2019h\u00f4pital se poursuit, vidant le centre de Paris de son h\u00f4pital de proximit\u00e9.  La fermeture des urgences est programm\u00e9e renvoyant sur les autres h\u00f4pitaux, d\u00e9j\u00e0 satur\u00e9s, les 43 000 personnes qui les fr\u00e9quentent chaque ann\u00e9e. \n\nLes m\u00e9thodes utilis\u00e9es sont dignes des patrons voyous ! On diminue le personnel, on ne remplace plus le mat\u00e9riel, on ferme des activit\u00e9s indispensables, on dit que cela ne fonctionne pas, on crie que la s\u00e9curit\u00e9 n\u2019est plus assur\u00e9e et ON FERME ! \n\nIls  ferment, regroupent, fusionnent, pour r\u00e9duire les d\u00e9penses publiques et cr\u00e9er les conditions de la privatisation de la Sant\u00e9 : assurances priv\u00e9es contre S\u00e9curit\u00e9 Sociale, cliniques commerciales contre h\u00f4pitaux publics, maisons de sant\u00e9 lib\u00e9rales contre centres de sant\u00e9, usines \u00e0 b\u00e9b\u00e9s contre maternit\u00e9s. \nToutes ces restructurations remettent en cause l&rsquo;acc\u00e8s aux soins pour les populations et d\u00e9gradent encore la prise en charge des plus d\u00e9munis.\nNous sommes toutes et tous concern\u00e9es ! \n\nPartout, des r\u00e9sistances s\u2019organisent : usagers, personnels, associations, syndicats, \u00e9lus et politiques se mobilisent pour d\u00e9fendre l\u2019h\u00f4pital public et l\u2019acc\u00e8s aux soins. \n\nA l\u2019H\u00f4tel Dieu,  un bras de fer s\u2019est engag\u00e9 pour sauver l\u2019h\u00f4pital.\n\nLe comit\u00e9 de soutien et les personnels assurent une pr\u00e9sence permanente dans les locaux depuis le 1 septembre.\n\n<strong>A l\u2019H\u00f4tel Dieu, une soir\u00e9e de soutien avec conf\u00e9rence de presse et pr\u00e9sentation du pacte hospitalier pour l\u2019H\u00f4tel Dieu se tiendra le jeudi 12 septembre de 17H00 \u00e0 22H00\n\nAux Lilas, une manifestation est pr\u00e9vue le 21 septembre \u00e0 11H00 \u00e0 la mairie des Lilas.<\/strong>\n\nA Carhaix, Saint-Affrique, Gu\u00e9ret, Argenteuil, Lure, Mondor, Tenon\u2026 la lutte a pay\u00e9 !\n\nCes  luttes sont les n\u00f4tres, celles de tous les soignantes et les soignants, de tous les citoyennes et citoyens, qui se battent pour leurs h\u00f4pitaux publics de proximit\u00e9, , de Lannemezan \u00e0 Longwy, de Lure \u00e0 Marie-Galante, des Lilas \u00e0 Saint Affrique, de Vire \u00e0 Brian\u00e7on, de l\u2019H\u00f4tel Dieu \u00e0 Valr\u00e9as&#8230;  et pour l\u2019acc\u00e8s aux soins de toutes et tous.\n\nBattons nous toutes et tous ensemble ! Pour maintenir et am\u00e9liorer une sant\u00e9 publique de qualit\u00e9 et de proximit\u00e9 !\n\n<h2 class=\"wp-block-heading\">Documents joints<\/h2>\n\n\n\n<div class=\"wp-block-file\"><a href=\"http:\/\/www.uspsy.fr\/wp-content\/uploads\/2013\/09\/pdf_nsed_2013_09_07.pdf\">nsed 2013 09 07.pdf<\/a><\/div>\n\n\n","protected":false},"excerpt":{"rendered":"<p>Les maternit\u00e9s des Lilas, des Bluets, de Thann sont fortement menac\u00e9es, les maternit\u00e9s de Vire,&hellip;<\/p>\n","protected":false},"author":1,"featured_media":0,"comment_status":"open","ping_status":"closed","sticky":false,"template":"","format":"standard","meta":{"footnotes":""},"categories":[587],"tags":[],"class_list":["post-24709","post","type-post","status-publish","format-standard","hentry","category-agenda"],"_links":{"self":[{"href":"https:\/\/www.uspsy.fr\/index.php?rest_route=\/wp\/v2\/posts\/24709","targetHints":{"allow":["GET"]}}],"collection":[{"href":"https:\/\/www.uspsy.fr\/index.php?rest_route=\/wp\/v2\/posts"}],"about":[{"href":"https:\/\/www.uspsy.fr\/index.php?rest_route=\/wp\/v2\/types\/post"}],"author":[{"embeddable":true,"href":"https:\/\/www.uspsy.fr\/index.php?rest_route=\/wp\/v2\/users\/1"}],"replies":[{"embeddable":true,"href":"https:\/\/www.uspsy.fr\/index.php?rest_route=%2Fwp%2Fv2%2Fcomments&post=24709"}],"version-history":[{"count":1,"href":"https:\/\/www.uspsy.fr\/index.php?rest_route=\/wp\/v2\/posts\/24709\/revisions"}],"predecessor-version":[{"id":24711,"href":"https:\/\/www.uspsy.fr\/index.php?rest_route=\/wp\/v2\/posts\/24709\/revisions\/24711"}],"wp:attachment":[{"href":"https:\/\/www.uspsy.fr\/index.php?rest_route=%2Fwp%2Fv2%2Fmedia&parent=24709"}],"wp:term":[{"taxonomy":"category","embeddable":true,"href":"https:\/\/www.uspsy.fr\/index.php?rest_route=%2Fwp%2Fv2%2Fcategories&post=24709"},{"taxonomy":"post_tag","embeddable":true,"href":"https:\/\/www.uspsy.fr\/index.php?rest_route=%2Fwp%2Fv2%2Ftags&post=24709"}],"curies":[{"name":"wp","href":"https:\/\/api.w.org\/{rel}","templated":true}]}}