{"id":25265,"date":"2016-03-10T09:47:00","date_gmt":"2016-03-10T08:47:00","guid":{"rendered":"https:\/\/www.uspsy.fr\/?p=25265"},"modified":"2021-06-01T21:57:45","modified_gmt":"2021-06-01T19:57:45","slug":"31e-congres-de-l-usp-les","status":"publish","type":"post","link":"https:\/\/www.uspsy.fr\/?p=25265","title":{"rendered":"Congr\u00e8s des 4, 5 et 6 mars 2016 : Les psychiatres, les syndicats, la soci\u00e9t\u00e9 et l&rsquo;aust\u00e9rit\u00e9"},"content":{"rendered":"A l&rsquo;heure o\u00f9 l&rsquo;aust\u00e9rit\u00e9 semble la r\u00e8gle impos\u00e9e par les politiques n\u00e9olib\u00e9rales dont la doxa \u00e9conomique envahit de plus en plus le champ social, marchandisant \u00e0 tout va la sant\u00e9 et les services publics, nous avons sans doute \u00e0 red\u00e9finir les rapports que nous entretenons avec cette soci\u00e9t\u00e9 aux valeurs boulevers\u00e9es, qui d\u00e9nie parfois ses fondamentaux pour r\u00e9gresser dans un formalisme quelque peu inqui\u00e9tant. \nCes renversements de paradigmes vont-ils aussi nous amener \u00e0 modifier notre \u00e9conomie&#8230; psychique  ??\nLe sens de nos pratiques, voir l&rsquo;objet de la psychiatrie elle-m\u00eame, dont nous observions d\u00e9j\u00e0 la d\u00e9rive s\u00e9curitaire bien avant la situation actuelle, risque-t-il de s&rsquo;en trouver chang\u00e9 ?\nLa question du rapport au politique se repose \u00e0 nouveau pour les psychiatres et la psychiatrie, tant dans les choix singuliers que chacun est amen\u00e9 \u00e0 faire en regard de l&rsquo;urgence de son \u00e9tat, qu&rsquo;au niveau de la repr\u00e9sentation de syndicats dont le r\u00f4le, corporatiste et\/ou politique, demeure sans cesse \u00e0 d\u00e9finir face des politiques de sant\u00e9 de plus en plus \u00ab Host\u00e9ritaires \u00bb&#8230; \nTel est le sujet du 31e congr\u00e8s de l&rsquo;USP, dont nous vous invitons \u00e0 partager les travaux.\n\n\n<strong>Lieu du congr\u00e8s :\nInstitut th\u00e9ologique protestant\n83 boulevard Arago\n75014 PARIS\nM\u00e9tro St Jacques ou Denfert-Rochereau<\/strong>\n\npour tous renseignements, contacter le secr\u00e9tariat\nUSP, 52 rue Gallieni, 92240 Malakoff\nT\u00e9l. : 01 46 57 85 85 &#8211; Fax : 01 46 57 08 60\ne-mail : uspsy@free.fr &#8211; http:\/\/www.uspsy.fr\n\n\n<strong>PROGRAMME<\/strong>\n\n<strong>Vendredi 4 mars<\/strong>\n\n&#8211; 9 heures \u00e0 12 heures\n_\u2022 rapport d\u2019activit\u00e9\n_\u2022 rapport de tr\u00e9sorerie\n_\u2022 rapport moral\n\n&#8211; 14 heures \u00e0 17 heures\nL\u2019action syndicale : solution politique ?\nEchanges avec d\u2019autres organisations et syndicats : CGT, NSED, SMG, Sud sant\u00e9 sociaux.\n\n20 h 00 D\u00e9bat :\nA l\u2019Institut th\u00e9ologique protestant\nEmancipations\nLa vis\u00e9e \u00e9mancipatrice est-elle n\u00e9cessaire aux soins ?\nAvec Philippe Gasser, Franck Chaumon, Manolis Kosadinos, Claire Gekiere, un membre du SMG\n  \n<strong>Samedi 5 mars<\/strong>\n\n&#8211; 10 heures \u00e0 12 h 30\nActualit\u00e9s et loi de sant\u00e9.\n\n&#8211; 14 h 30 \u00e0 17 h 30\nInd\u00e9pendance professionnelle et mode de r\u00e9mun\u00e9ration. Ont \u00e9t\u00e9 invit\u00e9s : AFFEP, SMG, SNPP, SPH, SPEP\n\n<strong>Dimanche 6 mars<\/strong>\n\n10 heures \u00e0 13 heures\nVote des motions\n\n<h2 class=\"wp-block-heading\">Documents joints<\/h2>\n\n\n\n<div class=\"wp-block-file\"><a href=\"http:\/\/www.uspsy.fr\/wp-content\/uploads\/2016\/03\/pdf_motion_usp_acces_aux_soins_mars_2016.pdf\">Motion USP_Acc\u00e8s aux soins_mars 2016.pdf<\/a><\/div>\n\n\n\n<div class=\"wp-block-file\"><a href=\"http:\/\/www.uspsy.fr\/wp-content\/uploads\/2016\/03\/pdf_motion_usp_appel_a_de_nouveaux_etats_generaux_mars_2016.pdf\">Motion USP_Appel \u00e0 de nouveaux Etats G\u00e9n\u00e9raux_mars 2016.pdf<\/a><\/div>\n\n\n\n<div class=\"wp-block-file\"><a href=\"http:\/\/www.uspsy.fr\/wp-content\/uploads\/2016\/03\/pdf_motion_usp_code_et_medecine_du_travail_mars_2016.pdf\">Motion USP_Code et m\u00e9decine du travail_mars 2016.pdf<\/a><\/div>\n\n\n\n<div class=\"wp-block-file\"><a href=\"http:\/\/www.uspsy.fr\/wp-content\/uploads\/2016\/03\/pdf_motion_usp_derogeons_aux_ght_mars_2016.pdf\">Motion USP_D\u00e9rogeons aux GHT_mars 2016.pdf<\/a><\/div>\n\n\n\n<div class=\"wp-block-file\"><a href=\"http:\/\/www.uspsy.fr\/wp-content\/uploads\/2016\/03\/pdf_motion_usp_engagez-vous_mars_2016.pdf\">Motion USP_Engagez-vous_mars 2016.pdf<\/a><\/div>\n\n\n\n<div class=\"wp-block-file\"><a href=\"http:\/\/www.uspsy.fr\/wp-content\/uploads\/2016\/03\/pdf_motion_usp_fin_de_la_confidentialite_mars_2016.pdf\">Motion USP_Fin de la confidentialit\u00e9_mars 2016.pdf<\/a><\/div>\n\n\n\n<div class=\"wp-block-file\"><a href=\"http:\/\/www.uspsy.fr\/wp-content\/uploads\/2016\/03\/pdf_motion_usp_formation_des_internes_mars_2016.pdf\">Motion USP_Formation des Internes_mars 2016.pdf<\/a><\/div>\n\n\n\n<div class=\"wp-block-file\"><a href=\"http:\/\/www.uspsy.fr\/wp-content\/uploads\/2016\/03\/pdf_motion_usp_independance_des_contemplatifs_mars_2016.pdf\">Motion USP_Ind\u00e9pendance des contemplatifs_mars 2016.pdf<\/a><\/div>\n\n\n\n<div class=\"wp-block-file\"><a href=\"http:\/\/www.uspsy.fr\/wp-content\/uploads\/2016\/03\/pdf_motion_usp_loi_de_modernisation_de_la_sante_mars_2016.pdf\">Motion USP_Loi de modernisation de la sant\u00e9_mars 2016.pdf<\/a><\/div>\n\n\n\n<div class=\"wp-block-file\"><a href=\"http:\/\/www.uspsy.fr\/wp-content\/uploads\/2016\/03\/pdf_motion_usp_n_a_grece_plus_mes_postes_mars_2016.pdf\">Motion USP_N&rsquo;a Gr\u00e8ce plus mes postes_mars 2016.pdf<\/a><\/div>\n\n\n\n<div class=\"wp-block-file\"><a href=\"http:\/\/www.uspsy.fr\/wp-content\/uploads\/2016\/03\/pdf_motion_usp_temps_syndical_mars_2016.pdf\">Motion USP_Temps syndical_mars 2016.pdf<\/a><\/div>\n\n\n\n<div class=\"wp-block-file\"><a href=\"http:\/\/www.uspsy.fr\/wp-content\/uploads\/2016\/03\/pdf_rapport_moral_31e_congres_usp_mars_2016.pdf\">Rapport moral 31e congr\u00e8s USP_mars 2016.pdf<\/a><\/div>\n\n\n\n<div class=\"wp-block-file\"><a href=\"http:\/\/www.uspsy.fr\/wp-content\/uploads\/2016\/03\/pdf_rapport_d_activites_mars_2015-mars_2016.pdf\">Rapport d&rsquo;activit\u00e9s mars 2015-mars 2016.pdf<\/a><\/div>\n\n\n","protected":false},"excerpt":{"rendered":"<p>A l&rsquo;heure o\u00f9 l&rsquo;aust\u00e9rit\u00e9 semble la r\u00e8gle impos\u00e9e par les politiques n\u00e9olib\u00e9rales dont la doxa&hellip;<\/p>\n","protected":false},"author":1,"featured_media":0,"comment_status":"open","ping_status":"closed","sticky":false,"template":"","format":"standard","meta":{"footnotes":""},"categories":[590],"tags":[],"class_list":["post-25265","post","type-post","status-publish","format-standard","hentry","category-motions-et-congres"],"_links":{"self":[{"href":"https:\/\/www.uspsy.fr\/index.php?rest_route=\/wp\/v2\/posts\/25265","targetHints":{"allow":["GET"]}}],"collection":[{"href":"https:\/\/www.uspsy.fr\/index.php?rest_route=\/wp\/v2\/posts"}],"about":[{"href":"https:\/\/www.uspsy.fr\/index.php?rest_route=\/wp\/v2\/types\/post"}],"author":[{"embeddable":true,"href":"https:\/\/www.uspsy.fr\/index.php?rest_route=\/wp\/v2\/users\/1"}],"replies":[{"embeddable":true,"href":"https:\/\/www.uspsy.fr\/index.php?rest_route=%2Fwp%2Fv2%2Fcomments&post=25265"}],"version-history":[{"count":1,"href":"https:\/\/www.uspsy.fr\/index.php?rest_route=\/wp\/v2\/posts\/25265\/revisions"}],"predecessor-version":[{"id":25279,"href":"https:\/\/www.uspsy.fr\/index.php?rest_route=\/wp\/v2\/posts\/25265\/revisions\/25279"}],"wp:attachment":[{"href":"https:\/\/www.uspsy.fr\/index.php?rest_route=%2Fwp%2Fv2%2Fmedia&parent=25265"}],"wp:term":[{"taxonomy":"category","embeddable":true,"href":"https:\/\/www.uspsy.fr\/index.php?rest_route=%2Fwp%2Fv2%2Fcategories&post=25265"},{"taxonomy":"post_tag","embeddable":true,"href":"https:\/\/www.uspsy.fr\/index.php?rest_route=%2Fwp%2Fv2%2Ftags&post=25265"}],"curies":[{"name":"wp","href":"https:\/\/api.w.org\/{rel}","templated":true}]}}