{"id":25722,"date":"2018-02-05T12:02:00","date_gmt":"2018-02-05T11:02:00","guid":{"rendered":"https:\/\/www.uspsy.fr\/?p=25722"},"modified":"2021-06-01T22:04:13","modified_gmt":"2021-06-01T20:04:13","slug":"congres-des-23-24-et-25-mars-2018","status":"publish","type":"post","link":"https:\/\/www.uspsy.fr\/?p=25722","title":{"rendered":"Congr\u00e8s des 23, 24 et 25 mars 2018 : Mauvaise gouvernance et dr\u00f4le de traitance"},"content":{"rendered":"Avec le gouvernement actuel, la destruction massive des biens communs, de la S\u00e9curit\u00e9 sociale en particulier, conna\u00eet une acc\u00e9l\u00e9ration notable. C&rsquo;est au nom de la \u00ab gouvernance \u00bb et de la \u00ab rationalisation \u00bb comptable que cette politique d\u00e9l\u00e9t\u00e8re se d\u00e9veloppe.\nA partir de notre exp\u00e9rience clinique, nous voulons parler de ces personnes qui vivent le travail comme souffrance destructrice, boule au ventre ravageuse, \u00e0 en devenir pour certains des cram\u00e9s de l&rsquo;int\u00e9rieur (\u00ab burn out \u00bb en anglais). C&rsquo;est avec des m\u00e9decins du travail, des syndicalistes, et des intellectuels que nous voulons mener l&rsquo;enqu\u00eate.\nNous pensons possible un r\u00e9veil des consciences. Ne plus se laisser traiter ainsi, ne plus les laisser gouverner nos vies de cette fa\u00e7on.\nAlors ouvrons quelques chantiers :\nQuel est ce travail en cause, en accusation qui rend malade ? La S\u00e9curit\u00e9 sociale est-elle vou\u00e9e \u00e0 \u00eatre vendue aux assurances priv\u00e9es en une vente \u00e0 la d\u00e9coupe? De r\u00e9forme en r\u00e9forme, l&rsquo;h\u00f4pital psychiatrique, ce qui fut secteur psychiatrique, va-t-il devenir une entreprise banalement maltraitante ? Dans le champ m\u00e9dico-social mis en coupe r\u00e9gl\u00e9e par les exigences s\u00e9curitaires laisserons-nous l&rsquo;accueil inconditionnel, le secret professionnel attaqu\u00e9s, l\u00e0 aussi, sans riposte ?\nLass\u00e9s d&rsquo;\u00eatre r\u00e9duits \u00e0 la d\u00e9fensive face \u00e0 des gouvernements n\u00e9olib\u00e9raux donc hostiles, nous voulons construire une convergence pour aller vers des \u00c9tats g\u00e9n\u00e9raux de la psychiatrie, pour dire ce que nous voulons construire d\u00e8s aujourd&rsquo;hui.\n\nLieu du congr\u00e8s :\nMairie de Malakoff, 92240\nEntr\u00e9e au 22 bis rue B\u00e9ranger (et non sur le parvis)\nSalle des conf\u00e9rences (au RDC)\n\n<em>Vous trouverez ci-joint la plaquette avec le bulletin d&rsquo;inscription<\/em>\n\n<strong>PROGRAMME<\/strong>\n\n<strong>Vendredi 23 mars<\/strong>\n\n&#8211; 9 heures \u00e0 12 heures\n\u2022\trapport d\u2019activit\u00e9\n\u2022\trapport de tr\u00e9sorerie\n\u2022\trapport moral\n\n&#8211; 14 heures \u00e0 16 h 30\nGouvernance et changements\nPr\u00e9sentation d&rsquo;Olivier Boitard (USP)\nAvec la pr\u00e9sence de Cyrille Venet du SNMH FO et de Bernard Odier du SPH\n\n\n<hr \/>\n\n\n<strong>D\u00e9bat\nLe travail, c\u2019est (pas) la sant\u00e9\n20h30<\/strong>\n\nSouffrance au travail : nous croiserons des exp\u00e9riences de psychiatre, m\u00e9decin du travail, m\u00e9decin g\u00e9n\u00e9raliste et les mettrons en perspective \u00e0 l&rsquo;aide de l&rsquo;approche de chercheurs en psychologie du travail de l&rsquo;\u00e9quipe d&rsquo;Yves Clot du CNAM\nAvec\nGuillaume Getz, m\u00e9decin g\u00e9n\u00e9raliste, SMG\nDominique Huez, m\u00e9decin du travail, ass-SMT\nCyrille Venet, praticien hospitalier, SNMH FO\nFabienne Giannelli, psychologue du travail, ESAT Bastille\nJean-Luc Tomas, psychologue du travail, ma\u00eetre de conf\u00e9rences au CNAM (Paris)\n\nD\u00e9bat anim\u00e9 par Pascal Boissel, psychiatre, USP\n\n<hr \/>\n\n\n<strong>Samedi 24 mars<\/strong>\n\n&#8211; 10 heures \u00e0 12 h 30\n100 % S\u00e9cu, chiche !\nPr\u00e9sentation de Jean-Pierre Martin\nAvec la pr\u00e9sence de syndicalistes\n\n&#8211; 14 h 30 \u00e0 17 h 30\nM\u00e9dico-social : dans quel \u00e9tat ?\nPr\u00e9sentation de Philippe Gasser (USP)\nAvec la pr\u00e9sence de Marc Maximin et Roger Salbreux ancien pr\u00e9sident du syndicat des psychiatres salari\u00e9s\n\n<strong>Dimanche 25 mars<\/strong>\n\n&#8211; 10 heures \u00e0 13 heures\nVote des motions\n \n<h2 class=\"wp-block-heading\">Documents joints<\/h2>\n\n\n\n<div class=\"wp-block-file\"><a href=\"http:\/\/www.uspsy.fr\/wp-content\/uploads\/2018\/02\/pdf_plaquette_congres_usp_mars_2018.pdf\">Plaquette Congr\u00e8s USP_mars 2018.pdf<\/a><\/div>\n\n\n\n<div class=\"wp-block-file\"><a href=\"http:\/\/www.uspsy.fr\/wp-content\/uploads\/2018\/03\/pdf_motion_usp_acces_aux_soins_pour_tous_mars_2018.pdf\">Motion USP_Acc\u00e8s aux soins pour tous_mars 2018.pdf<\/a><\/div>\n\n\n\n<div class=\"wp-block-file\"><a href=\"http:\/\/www.uspsy.fr\/wp-content\/uploads\/2018\/03\/pdf_motion_usp_defendre_les_soins_mars_2018.pdf\">Motion USP_D\u00e9fendre les soins_mars 2018.pdf<\/a><\/div>\n\n\n\n<div class=\"wp-block-file\"><a href=\"http:\/\/www.uspsy.fr\/wp-content\/uploads\/2018\/03\/pdf_motion_usp_face_au_conseil_de_l_ordre_des_medecins_mars_2018.pdf\">Motion USP_Face au Conseil de l&rsquo;Ordre des m\u00e9decins_mars 2018.pdf<\/a><\/div>\n\n\n\n<div class=\"wp-block-file\"><a href=\"http:\/\/www.uspsy.fr\/wp-content\/uploads\/2018\/03\/pdf_motion_usp_lettre_ouverte_des_ph_a_mme_buzyn_mars_2018.pdf\">Motion USP_Lettre ouverte des PH \u00e0 Mme Buzyn_mars 2018.pdf<\/a><\/div>\n\n\n\n<div class=\"wp-block-file\"><a href=\"http:\/\/www.uspsy.fr\/wp-content\/uploads\/2018\/03\/pdf_motion_usp_liberte_d_expression_mars_2018.pdf\">Motion USP_Libert\u00e9 d&rsquo;expression_mars 2018.pdf<\/a><\/div>\n\n\n\n<div class=\"wp-block-file\"><a href=\"http:\/\/www.uspsy.fr\/wp-content\/uploads\/2018\/03\/pdf_motion_usp_medico-social_mars_2018.pdf\">Motion USP_M\u00e9dico-social_mars 2018.pdf<\/a><\/div>\n\n\n\n<div class=\"wp-block-file\"><a href=\"http:\/\/www.uspsy.fr\/wp-content\/uploads\/2018\/03\/pdf_motion_usp_souffrance_au_travail_mars_2018.pdf\">Motion USP_Souffrance au travail_mars 2018.pdf<\/a><\/div>\n\n\n\n<div class=\"wp-block-file\"><a href=\"http:\/\/www.uspsy.fr\/wp-content\/uploads\/2018\/03\/pdf_motion_usp_souffrance_de_la_psychiatrie_mars_2018.pdf\">Motion USP_Souffrance de la psychiatrie_mars 2018.pdf<\/a><\/div>\n\n\n\n<div class=\"wp-block-file\"><a href=\"http:\/\/www.uspsy.fr\/wp-content\/uploads\/2018\/03\/pdf_motion_usp_unite_de_la_psychiatrie_diversite_des_pratiques_mars_2018.pdf\">Motion USP_Unit\u00e9 de la psychiatrie, diversit\u00e9 des pratiques_mars 2018.pdf<\/a><\/div>\n\n\n\n<div class=\"wp-block-file\"><a href=\"http:\/\/www.uspsy.fr\/wp-content\/uploads\/2018\/04\/pdf_rapport_d_activites_33e_congres_usp_mars_2016-mars_2017.pdf\">Rapport d&rsquo;activit\u00e9s 33e congr\u00e8s USP_mars 2016-mars 2017.pdf<\/a><\/div>\n\n\n\n<div class=\"wp-block-file\"><a href=\"http:\/\/www.uspsy.fr\/wp-content\/uploads\/2018\/04\/pdf_rapport_moral_usp_33e_congres_mars_2018.pdf\">Rapport moral USP_33e congr\u00e8s mars 2018.pdf<\/a><\/div>\n\n\n","protected":false},"excerpt":{"rendered":"<p>Avec le gouvernement actuel, la destruction massive des biens communs, de la S\u00e9curit\u00e9 sociale en&hellip;<\/p>\n","protected":false},"author":1,"featured_media":0,"comment_status":"open","ping_status":"closed","sticky":false,"template":"","format":"standard","meta":{"footnotes":""},"categories":[590],"tags":[],"class_list":["post-25722","post","type-post","status-publish","format-standard","hentry","category-motions-et-congres"],"_links":{"self":[{"href":"https:\/\/www.uspsy.fr\/index.php?rest_route=\/wp\/v2\/posts\/25722","targetHints":{"allow":["GET"]}}],"collection":[{"href":"https:\/\/www.uspsy.fr\/index.php?rest_route=\/wp\/v2\/posts"}],"about":[{"href":"https:\/\/www.uspsy.fr\/index.php?rest_route=\/wp\/v2\/types\/post"}],"author":[{"embeddable":true,"href":"https:\/\/www.uspsy.fr\/index.php?rest_route=\/wp\/v2\/users\/1"}],"replies":[{"embeddable":true,"href":"https:\/\/www.uspsy.fr\/index.php?rest_route=%2Fwp%2Fv2%2Fcomments&post=25722"}],"version-history":[{"count":1,"href":"https:\/\/www.uspsy.fr\/index.php?rest_route=\/wp\/v2\/posts\/25722\/revisions"}],"predecessor-version":[{"id":25735,"href":"https:\/\/www.uspsy.fr\/index.php?rest_route=\/wp\/v2\/posts\/25722\/revisions\/25735"}],"wp:attachment":[{"href":"https:\/\/www.uspsy.fr\/index.php?rest_route=%2Fwp%2Fv2%2Fmedia&parent=25722"}],"wp:term":[{"taxonomy":"category","embeddable":true,"href":"https:\/\/www.uspsy.fr\/index.php?rest_route=%2Fwp%2Fv2%2Fcategories&post=25722"},{"taxonomy":"post_tag","embeddable":true,"href":"https:\/\/www.uspsy.fr\/index.php?rest_route=%2Fwp%2Fv2%2Ftags&post=25722"}],"curies":[{"name":"wp","href":"https:\/\/api.w.org\/{rel}","templated":true}]}}