{"id":25740,"date":"2018-02-13T15:11:00","date_gmt":"2018-02-13T14:11:00","guid":{"rendered":"https:\/\/www.uspsy.fr\/?p=25740"},"modified":"2021-06-01T22:04:16","modified_gmt":"2021-06-01T20:04:16","slug":"le-travail-c-est-pas-la-sante","status":"publish","type":"post","link":"https:\/\/www.uspsy.fr\/?p=25740","title":{"rendered":"Le travail, c\u2019est (pas) la sant\u00e9 &#8211; R\u00e9union publique et d\u00e9bat, le vendredi 23 mars, 20h30, \u00e0 la mairie de Malakoff"},"content":{"rendered":"Souffrance au travail : nous croiserons des exp\u00e9riences de psychiatre, m\u00e9decin du travail, m\u00e9decin g\u00e9n\u00e9raliste et les mettrons en perspective \u00e0 l\u2019aide de l\u2019approche de chercheurs en psychologie du travail de l\u2019\u00e9quipe d\u2019Yves Clot du CNAM\n\nAvec :\n\nDominique Huez, m\u00e9decin du travail, ass-SMT\nGuillaume Getz, m\u00e9decin g\u00e9n\u00e9raliste, SMG\nCyrille Venet, praticien hospitalier, SNMH-FO\nFabienne Giannelli, psychologue du travail, ESAT Bastille\nJean-Luc Tomas, psychologue du travail, ma\u00eetre de conf\u00e9rences au CNAM (Paris)\nD\u00e9bat anim\u00e9 par Pascal Boissel, psychiatre, USP\n \n<em>libre participation aux frais<\/em>\n\n<h2 class=\"wp-block-heading\">Documents joints<\/h2>\n\n\n\n<div class=\"wp-block-file\"><a href=\"http:\/\/www.uspsy.fr\/wp-content\/uploads\/2018\/02\/pdf_debat_23_mars_2018_le_travail_c_est_pas_la_sante.pdf\">D\u00e9bat 23 mars 2018_Le travail c&rsquo;est (pas) la sant\u00e9.pdf<\/a><\/div>\n\n\n","protected":false},"excerpt":{"rendered":"<p>Souffrance au travail : nous croiserons des exp\u00e9riences de psychiatre, m\u00e9decin du travail, m\u00e9decin g\u00e9n\u00e9raliste&hellip;<\/p>\n","protected":false},"author":1,"featured_media":0,"comment_status":"open","ping_status":"closed","sticky":false,"template":"","format":"standard","meta":{"footnotes":""},"categories":[587],"tags":[],"class_list":["post-25740","post","type-post","status-publish","format-standard","hentry","category-agenda"],"_links":{"self":[{"href":"https:\/\/www.uspsy.fr\/index.php?rest_route=\/wp\/v2\/posts\/25740","targetHints":{"allow":["GET"]}}],"collection":[{"href":"https:\/\/www.uspsy.fr\/index.php?rest_route=\/wp\/v2\/posts"}],"about":[{"href":"https:\/\/www.uspsy.fr\/index.php?rest_route=\/wp\/v2\/types\/post"}],"author":[{"embeddable":true,"href":"https:\/\/www.uspsy.fr\/index.php?rest_route=\/wp\/v2\/users\/1"}],"replies":[{"embeddable":true,"href":"https:\/\/www.uspsy.fr\/index.php?rest_route=%2Fwp%2Fv2%2Fcomments&post=25740"}],"version-history":[{"count":1,"href":"https:\/\/www.uspsy.fr\/index.php?rest_route=\/wp\/v2\/posts\/25740\/revisions"}],"predecessor-version":[{"id":25742,"href":"https:\/\/www.uspsy.fr\/index.php?rest_route=\/wp\/v2\/posts\/25740\/revisions\/25742"}],"wp:attachment":[{"href":"https:\/\/www.uspsy.fr\/index.php?rest_route=%2Fwp%2Fv2%2Fmedia&parent=25740"}],"wp:term":[{"taxonomy":"category","embeddable":true,"href":"https:\/\/www.uspsy.fr\/index.php?rest_route=%2Fwp%2Fv2%2Fcategories&post=25740"},{"taxonomy":"post_tag","embeddable":true,"href":"https:\/\/www.uspsy.fr\/index.php?rest_route=%2Fwp%2Fv2%2Ftags&post=25740"}],"curies":[{"name":"wp","href":"https:\/\/api.w.org\/{rel}","templated":true}]}}