{"id":25757,"date":"2018-03-06T13:44:00","date_gmt":"2018-03-06T12:44:00","guid":{"rendered":"https:\/\/www.uspsy.fr\/?p=25757"},"modified":"2021-06-01T22:04:28","modified_gmt":"2021-06-01T20:04:28","slug":"semaines-de-la-folie-ordinaire-une","status":"publish","type":"post","link":"https:\/\/www.uspsy.fr\/?p=25757","title":{"rendered":"Semaines de la folie ordinaire : Une alternative aux Semaines d\u2019information en Sant\u00e9 mentale du 12 au 29 mars 2018"},"content":{"rendered":"Expositions\n\n<strong>Du 12 au 25 mars :<\/strong>\nUniversit\u00e9 Paris 13 &#8211; Campus de Villetaneuse &#8211; Biblioth\u00e8que Universitaire\nZYPLOX\n\n<strong>Du 19 au 26 mars :<\/strong>\nUniversit\u00e9 Paris 13 \u2013 Campus de Bobigny &#8211; Foyer de l&rsquo;Illustration\nExposition collective de plusieurs GEM de Seine Saint-Denis\n\n<strong>Du 19 au 25 mars :<\/strong>\nLa Parole Errante\nExposition collective \n\n\n<strong>PROGRAMME PREMI\u00c8RE SEMAINE<\/strong>\n\nLundi 12 mars :\nUniversit\u00e9 Paris 13 \u2013 Campus de Villetaneuse \u2013 Biblio. Universit.\n12h &#8211; 14h : Vernissage de l&rsquo;exposition de Zyplox. Visite guid\u00e9e par l&rsquo;artiste et temps d\u2019\u00e9changes autour d\u2019un verre, avec Pascale Molinier (Universit\u00e9 Paris 13)\n\nMardi 13 mars :\nUniversit\u00e9 Paris 13 \u2013 Campus de Villetaneuse \u2013 La Chaufferie\n12h-14h :  Projection de St Alban, une r\u00e9volution psychiatrique de Sonia Cantalapiedra. D\u00e9bat anim\u00e9 par Pascale Molinier, en pr\u00e9sence de la r\u00e9alisatrice et de Benjamin Royer (sous r\u00e9serve)\n\nJeudi 15 mars : \nUniversit\u00e9 Paris 13 \u2013 Campus de Villetaneuse &#8211; BU \n12-14h : visite guid\u00e9e de l\u2019exposition par Zyplox \n\nLibrairie l\u2019Atelier\n20 h Pr\u00e9sentation des Nouveaux Cahiers pour la Folie n\u00b08\n\nVendredi 16 mars : \nArcueil : Cin\u00e9ma Jean Vilar \n20 h Projection de La permanence d&rsquo;Alice Diop\nEn partenariat avec les Rencontres Atypiques. D\u00e9bat anim\u00e9 par Emmanuel Pelon (Collectif Psy soins accueil) en pr\u00e9sence d&rsquo;Evelyne Vaysse (psychiatre\/dispositif PASS d\u2019Avicenne)\n\nSamedi 17 mars : \nPlace des Grandes Rigoles \u2013 Paris 20eme.\n14 h \u2013 18 h : Le collectif Psy soins accueil investit la place publique. Assembl\u00e9e Populaire, d\u00e9bat, stands, espace enfants, caf\u00e9, th\u00e9&#8230;\n\nGEM de Bondy (93) \n12h \u2013 20h : Inauguration du GEM de Bondy\n\nDimanche 18 mars : \nCin\u00e9ma Saint Andr\u00e9 des Arts \u2013 Paris 6e \nProjection de Au jour le jour, \u00e0 la nuit la nuit d&rsquo;Ana\u00eblle Godard suivie d&rsquo;une discussion avec la r\u00e9alisatrice et des personnes travaillant \u00e0 la Borde\n\nGEM de Bondy (93)\n15 h Projection de Tarnation de Jonathan Caouette. R\u00e9servation obligatoire (max 30 places). Contact r\u00e9sa?\n\nProgramme deuxi\u00e8me semaine \nLa plupart des \u00e9venements de cette semaine auront lieu \u00e0 la Parole Errante, 9 rue Fran\u00e7ois Debergue  \u00e0 Montreuil (metro croix de chavaux). Tous les \u00e9v\u00e9nements s&rsquo;y d\u00e9roulant auront lieu dans la Grande Salle. Toutes les entr\u00e9es seront \u00e0 prix libre. Une Buvette sera tenue tous les soirs. \n\nLundi 19 mars :\nParole Errante\n19h30 : Projection de L\u2019invit\u00e9e famili\u00e8re de Lisa Chabbert en pr\u00e9sence de la r\u00e9alisatrice et de Je me souviens de rien de Diane Sara Bouzgarrou. Soir\u00e9e propos\u00e9e dans le cadre des Ateliers D\u00e9sax\u00e9.es\n\nMardi 20 mars \nCin\u00e9ma Le M\u00e9li\u00e8s\n18h : Projection de Nous les intranquilles de Nicolas Contant et du collectif cin\u00e9ma du Centre Artaud de Reims, en pr\u00e9sence des r\u00e9alisateurs\/trices \n\nMercredi 21 mars : \nParole Errante\n19h30 : Ouverture des portes et ap\u00e9ro\n20H30 : Th\u00e9\u00e2tre : La m\u00e9ningite des poireaux, ou folies en musique de la donquichottesque existence de Fran\u00e7ois Tosquelles, psychiatre par la Cie Fr\u00e9d\u00e9ric Neau. Repr\u00e9sentation suivie d&rsquo;une discussion\nJeudi 22 mars :\nParole Errante\nApr\u00e8s-midi en soutien \u00e0 la Radio Colifata, radio libre argentine. Rencontre et d\u00e9bats en direct avec d\u2019autres radios associatives n\u00e9es dans les lieux de soin :\n15 h : Projection du documentaire Radio Colifata de Chlo\u00e9 Ouvrard suivie d&rsquo;une discussion.\n16 h 30 : \u00c9mission en direct avec invit\u00e9-e-s et en pr\u00e9sence de la chorale Les G\u00eaneurs du GEM de Saint-Denis.\n19 h : Ap\u00e9ro avec une intervention de la Fanfare imprevisible ( \u00e0 confirmer\/ Nadia les contacte)\n\nBar l&rsquo;Armony\n21h : Concert de Justine (punk rock &#8211; Paris) Heavy Heart (punk rock &#8211; ?)\n39 rue Edouard Vaillant, m\u00e9tro Croix de Chavaux.\n\nVendredi 23 mars : \nProposition de Yoana et Olivier Derousseau de projeter Une Temp\u00eate, r\u00e9alis\u00e9 par les gens du GEM les Envol\u00e9es et \nDe nos propres mains (r\u00e9alis\u00e9 par Olivier \u00e0 St Alban avec des patients) &#8211; une heure de projo au total. Olivier pourra \u00eatre l\u00e0. On s&rsquo;est dit que cette projection a du sens si les Envol\u00e9es peuvent \u00eatre l\u00e0 : Joachim et Tristan les contactent, on attend une r\u00e9ponse.\n\n&#8211; En alternative : Pr\u00e9sentation  du livre de Pierre Delion \u00ab\u00a0D\u00e9mocratie et psychiatrie\u00a0\u00bb (ed. D&rsquo;Une) en sa pr\u00e9sence, \u00e0 confirmer et \u00e0 rediscuter ensemble. On est en contact avec lui, mais on attend d&rsquo;abord des nouvelles des Envol\u00e9es.\n\nSamedi 24 mars : \nParole Errante\n15h : d\u00e9bats organis\u00e9s par Humapsy \n19h00 : Cantine prix libre\/ g\u00e2teau d&rsquo;anniv pour Antonin Artaud !\n20h00 : musique iranienne par Nader : \u00e0 confirmer par Parviz&#8230;\n21h30 : Concerts\n22h30 : DJ Karim aux platines (soul et funk) !\n\nDimanche 25 mars :\nA partir de 13h:  cantine prix libre  \n14h30 : projections\/\/  film sur le TRUC &#8211; dur\u00e9e : 10&prime; (titre\/ auteures ?) + film sur le GEM de Montreuil par Lucie &#8211; dur\u00e9e 15&prime; (On sait pas encore si on va projeter les deux films un \u00e0 la suite de l&rsquo;autre ou discuter \u00e0 apr\u00e8s chaque proj&rsquo;)\nA partir de 15h : Discussion autour et avec les GEM\/les clubs th\u00e9rapeutiques en pr\u00e9sence de Lise Gaignard, ponctu\u00e9e par les interventions th\u00e9atro\/clownesques du GEM Mille et Une Vie, avec Sophie Cohen et le CLSM de l&rsquo;Est du Val d&rsquo;Oise (sous r\u00e9serve)  &#8211; pour plus de d\u00e9tails sur le contenu, voir le CR de Nicolas\/\/ nous souhaitons poursuivre cette discussion lors du prochain inter-GEM afin d&rsquo;en faire une sorte de trame\/point de d\u00e9part pour la table ronde de dimanche.\n17h : \u00ab\u00a0La chasse aux mots\u00a0\u00bb spectacle du po\u00e8te et  slameur Tolten\n\nConf\u00e9rence-Performance le Schizom\u00e8tre en amphi pour les \u00e9tudiants en psycho (voir l\u2019horaire) &#8211; campus de Bobigny\n\nHors-les-murs :\n\u00ab\u00a0Le GEM se met en sc\u00e8nes\u00a0\u00bb, cr\u00e9ation th\u00e9\u00e2tro-clownesque par le GEM Mille et Une Vie, avec Sophie Cohen et le CLSM de l&rsquo;Est du Val d&rsquo;Oise. A la maison de quartier Boris Vian, \u00e0 Villiers-le-Bel (95), \u00e9galement \n\n<h2 class=\"wp-block-heading\">Documents joints<\/h2>\n\n\n\n<div class=\"wp-block-file\"><a href=\"http:\/\/www.uspsy.fr\/wp-content\/uploads\/2018\/03\/pdf_esquisse-sdlfo-2018.pdf\">esquisse-sdlfo-2018.pdf<\/a><\/div>\n\n\n","protected":false},"excerpt":{"rendered":"<p>Expositions Du 12 au 25 mars : Universit\u00e9 Paris 13 &#8211; Campus de Villetaneuse &#8211;&hellip;<\/p>\n","protected":false},"author":1,"featured_media":0,"comment_status":"open","ping_status":"closed","sticky":false,"template":"","format":"standard","meta":{"footnotes":""},"categories":[587],"tags":[],"class_list":["post-25757","post","type-post","status-publish","format-standard","hentry","category-agenda"],"_links":{"self":[{"href":"https:\/\/www.uspsy.fr\/index.php?rest_route=\/wp\/v2\/posts\/25757","targetHints":{"allow":["GET"]}}],"collection":[{"href":"https:\/\/www.uspsy.fr\/index.php?rest_route=\/wp\/v2\/posts"}],"about":[{"href":"https:\/\/www.uspsy.fr\/index.php?rest_route=\/wp\/v2\/types\/post"}],"author":[{"embeddable":true,"href":"https:\/\/www.uspsy.fr\/index.php?rest_route=\/wp\/v2\/users\/1"}],"replies":[{"embeddable":true,"href":"https:\/\/www.uspsy.fr\/index.php?rest_route=%2Fwp%2Fv2%2Fcomments&post=25757"}],"version-history":[{"count":1,"href":"https:\/\/www.uspsy.fr\/index.php?rest_route=\/wp\/v2\/posts\/25757\/revisions"}],"predecessor-version":[{"id":25759,"href":"https:\/\/www.uspsy.fr\/index.php?rest_route=\/wp\/v2\/posts\/25757\/revisions\/25759"}],"wp:attachment":[{"href":"https:\/\/www.uspsy.fr\/index.php?rest_route=%2Fwp%2Fv2%2Fmedia&parent=25757"}],"wp:term":[{"taxonomy":"category","embeddable":true,"href":"https:\/\/www.uspsy.fr\/index.php?rest_route=%2Fwp%2Fv2%2Fcategories&post=25757"},{"taxonomy":"post_tag","embeddable":true,"href":"https:\/\/www.uspsy.fr\/index.php?rest_route=%2Fwp%2Fv2%2Ftags&post=25757"}],"curies":[{"name":"wp","href":"https:\/\/api.w.org\/{rel}","templated":true}]}}