{"id":25833,"date":"2018-06-05T13:42:00","date_gmt":"2018-06-05T11:42:00","guid":{"rendered":"https:\/\/www.uspsy.fr\/?p=25833"},"modified":"2021-06-01T22:05:24","modified_gmt":"2021-06-01T20:05:24","slug":"revue-de-presse-lutte-hopitale-de-2400","status":"publish","type":"post","link":"https:\/\/www.uspsy.fr\/?p=25833","title":{"rendered":"Revue de presse lutte h\u00f4pital du Rouvray"},"content":{"rendered":"L&rsquo;\u00e9mission Les Pieds sur terre \u00e0 13h30 du jeudi 7 juin sur France Culture est consacr\u00e9e \u00e0 la lutte du Rouvray.\nhttps:\/\/www.franceculture.fr\/player\/export-reecouter?content=80c54efe-807d-4fba-85aa-3ddb9379ea70\n\ncompte rendu de L&rsquo;AG du Rouvray du 6 juin 2018 <em>(Cf. fichier GREVEdelaFAIM16emeJour6juin2018.pdf joint)<\/em>\n\nQuestion \u00e9crite du d\u00e9put\u00e9 PCF Wulfranc concernant la situation au Rouvray : http:\/\/www.communistes-republicains-partidegauche.assemblee-nationale.fr\/expressions\/situation-au-centre-hospitalier-du-rouvray\n\nCommuniqu\u00e9 de presse des Gr\u00e9vistes de la faim Centre Hospitalier du Rouvray : \nQuand nous apprenons la d\u00e9claration d&rsquo;Agn\u00e8s Buzin ce jour qui traduit \u00a0\u00bb manque de personnel\u00a0\u00bb par un \u201fmanque de psychiatres\u201d, nous trouvons cela d&rsquo;une honte absolue.\nEncore un aveuglement de plus.\nL&rsquo;intersyndical du CH du Rouvray et le comit\u00e9 de gr\u00e8ve rappelle que les 52 postes revendiqu\u00e9s sont des postes param\u00e9dicaux.\nQuand va t&rsquo;elle nous donner enfin des solutions au lieu de provocations ??! <em>(communiqu\u00e9 du 30 mai joint)<\/em>\n\nLa gouvernance au CH du Rouvray : la face cach\u00e9e du probl\u00e8me | Le Club de Mediapart : https:\/\/blogs.mediapart.fr\/brefthi\/blog\/310518\/la-gouvernance-au-ch-du-rouvray-la-face-cachee-du-probleme?utm_source=facebook&#038;utm_medium=social&#038;utm_campaign=Sharing&#038;xtor=CS3-66\n\nCommuniqu\u00e9 : Sud Sant\u00e9 Sociaux 76 + Solidaires 76 appellent \u00e0 rejoindre la marche de solidarit\u00e9 avec le CHR du Rouvray <em>(Cf. communiqu\u00e9 CHR et appel 4 juin CHR joints)<\/em>\n\nSite de France Info : Gr\u00e8ve de la faim \u00e0 l\u2019h\u00f4pital du Rouvray : \u00ab\u00a0Il y a une certaine d\u00e9sesp\u00e9rance dans les h\u00f4pitaux psychiatriques\u00a0\u00bb\nDepuis une quinzaine de jours, sept salari\u00e9s de l\u2019h\u00f4pital psychiatrique du Rouvray, \u00e0 Sotteville-l\u00e8s-Rouen, ont entam\u00e9 une gr\u00e8ve de la faim pour d\u00e9noncer leurs conditions de travail. \nfranceinfo &#8211; Radio France &#8211; publi\u00e9 le 05\/06\/2018 | 19:00\n\nParis Normandie.fr : Pr\u00e8s de Rouen, la situation des gr\u00e9vistes de l\u2019h\u00f4pital du Rouvray pousse les \u00e9lus locaux \u00e0 r\u00e9agir &#8211; Christophe HUBARD\nPubli\u00e9 05\/06\/2018\nRouvray. La situation des gr\u00e9vistes de la faim a fini par d\u00e9clencher quelques r\u00e9actions, pas toujours adroites, parmi les \u00e9lus locaux. Pendant ce temps, la lutte continue \u00e0 l\u2019h\u00f4pital.<div id='gallery-1' class='gallery galleryid-25833 gallery-columns-3 gallery-size-thumbnail'><figure class='gallery-item'>\n\t\t\t<div class='gallery-icon portrait'>\n\t\t\t\t<a title=\"Appel4juinCHR.jpg\" href='https:\/\/www.uspsy.fr\/wp-content\/uploads\/2018\/06\/jpg_appel4juinchr-2.jpg'><img loading=\"lazy\" decoding=\"async\" width=\"150\" height=\"150\" src=\"https:\/\/www.uspsy.fr\/wp-content\/uploads\/2018\/06\/jpg_appel4juinchr-2-150x150.jpg\" class=\"attachment-thumbnail size-thumbnail\" alt=\"Appel4juinCHR.jpg\" aria-describedby=\"gallery-1-25834\" srcset=\"https:\/\/www.uspsy.fr\/wp-content\/uploads\/2018\/06\/jpg_appel4juinchr-2-150x150.jpg 150w, https:\/\/www.uspsy.fr\/wp-content\/uploads\/2018\/06\/jpg_appel4juinchr-2-300x300.jpg 300w, https:\/\/www.uspsy.fr\/wp-content\/uploads\/2018\/06\/jpg_appel4juinchr-2-500x500.jpg 500w, https:\/\/www.uspsy.fr\/wp-content\/uploads\/2018\/06\/jpg_appel4juinchr-2-370x370.jpg 370w\" sizes=\"auto, (max-width: 150px) 100vw, 150px\" \/><\/a>\n\t\t\t<\/div>\n\t\t\t\t<figcaption class='wp-caption-text gallery-caption' id='gallery-1-25834'>\n\t\t\t\tAppel4juinCHR.jpg\n\t\t\t\t<\/figcaption><\/figure>\n\t\t<\/div>\n\n<h2 class=\"wp-block-heading\">Documents joints<\/h2>\n\n\n\n<div class=\"wp-block-file\"><a href=\"http:\/\/www.uspsy.fr\/wp-content\/uploads\/2018\/06\/pdf_communique_chr-2.pdf\">communique CHR.pdf<\/a><\/div>\n\n\n\n<div class=\"wp-block-file\"><a href=\"http:\/\/www.uspsy.fr\/wp-content\/uploads\/2018\/06\/pdf_com_de_presse_30_mai_2018.pdf\">Com de presse 30 mai 2018.pdf<\/a><\/div>\n\n\n\n<div class=\"wp-block-file\"><a href=\"http:\/\/www.uspsy.fr\/wp-content\/uploads\/2018\/06\/pdf_grevedelafaim16emejour6juin2018.pdf\">GREVEdelaFAIM16emeJour6juin2018.pdf<\/a><\/div>\n\n\n","protected":false},"excerpt":{"rendered":"<p>L&rsquo;\u00e9mission Les Pieds sur terre \u00e0 13h30 du jeudi 7 juin sur France Culture est&hellip;<\/p>\n","protected":false},"author":1,"featured_media":25834,"comment_status":"open","ping_status":"closed","sticky":false,"template":"","format":"standard","meta":{"footnotes":""},"categories":[599],"tags":[],"class_list":["post-25833","post","type-post","status-publish","format-standard","has-post-thumbnail","hentry","category-service-public"],"_links":{"self":[{"href":"https:\/\/www.uspsy.fr\/index.php?rest_route=\/wp\/v2\/posts\/25833","targetHints":{"allow":["GET"]}}],"collection":[{"href":"https:\/\/www.uspsy.fr\/index.php?rest_route=\/wp\/v2\/posts"}],"about":[{"href":"https:\/\/www.uspsy.fr\/index.php?rest_route=\/wp\/v2\/types\/post"}],"author":[{"embeddable":true,"href":"https:\/\/www.uspsy.fr\/index.php?rest_route=\/wp\/v2\/users\/1"}],"replies":[{"embeddable":true,"href":"https:\/\/www.uspsy.fr\/index.php?rest_route=%2Fwp%2Fv2%2Fcomments&post=25833"}],"version-history":[{"count":2,"href":"https:\/\/www.uspsy.fr\/index.php?rest_route=\/wp\/v2\/posts\/25833\/revisions"}],"predecessor-version":[{"id":25839,"href":"https:\/\/www.uspsy.fr\/index.php?rest_route=\/wp\/v2\/posts\/25833\/revisions\/25839"}],"wp:featuredmedia":[{"embeddable":true,"href":"https:\/\/www.uspsy.fr\/index.php?rest_route=\/wp\/v2\/media\/25834"}],"wp:attachment":[{"href":"https:\/\/www.uspsy.fr\/index.php?rest_route=%2Fwp%2Fv2%2Fmedia&parent=25833"}],"wp:term":[{"taxonomy":"category","embeddable":true,"href":"https:\/\/www.uspsy.fr\/index.php?rest_route=%2Fwp%2Fv2%2Fcategories&post=25833"},{"taxonomy":"post_tag","embeddable":true,"href":"https:\/\/www.uspsy.fr\/index.php?rest_route=%2Fwp%2Fv2%2Ftags&post=25833"}],"curies":[{"name":"wp","href":"https:\/\/api.w.org\/{rel}","templated":true}]}}