{"id":25894,"date":"2018-10-29T10:43:00","date_gmt":"2018-10-29T09:43:00","guid":{"rendered":"https:\/\/www.uspsy.fr\/?p=25894"},"modified":"2018-10-29T10:43:00","modified_gmt":"2018-10-29T09:43:00","slug":"scandale-novartis-grece-la-2425","status":"publish","type":"post","link":"https:\/\/www.uspsy.fr\/?p=25894","title":{"rendered":"Solidarit\u00e9 avec Emmy Koutsopoulou, psychiatre grecque, syndicaliste"},"content":{"rendered":"<p>Premi\u00e8re publication en fran\u00e7ais le 8 octobre 2017<br \/>\npar Collectif fran\u00e7ais de soutien \u00e0 Emmy Koutsopoulou <\/p>\n<p>Emmy Koutsopoulou, psychiatre grecque, addictologue, syndicaliste, \u00e0 \u00e9t\u00e9 relev\u00e9e de ses fonctions par sa direction de mani\u00e8re ill\u00e9gale. Cette d\u00e9cision est un acte de r\u00e9pression politique et syndicale. En France, nous enregistrons des cas similaires. En signant cette lettre de p\u00e9tition nous exprimons notre d\u00e9saccord avec ces proc\u00e9d\u00e9s et avec les motivations politiques qu\u2019ils expriment. <\/p>\n<p>Mise \u00e0 jour du 29 octobre 2018:<br \/>\nUne tr\u00e8s large campagne de soutien pendant les ann\u00e9es 2017 et 2018, notamment port\u00e9e par les solidaires fran\u00e7ais, avec des actions comme la visite directe de syndicalistes de la CGT \u00e0 la direction d&rsquo;OKANA, l&rsquo;envoie de dizaines de cartes-lettres sign\u00e9es et le collage d&rsquo;affiches autour du b\u00e2timent du si\u00e8ge de cet organisme \u00e0 Ath\u00e8nes, en Gr\u00e8ce, la situation de notre camarade Emmy n&rsquo;a pas \u00e9volu\u00e9 depuis la premi\u00e8re publication de ce texte. <\/p>\n<p>Une d\u00e9marche a \u00e9t\u00e9 entreprise par l&rsquo;int\u00e9ress\u00e9e aupr\u00e8s de la justice administrative grecque car la proc\u00e9dure dont elle a \u00e9t\u00e9 l&rsquo;objet est totalement ill\u00e9gale. Toutefois la lenteur de la justice administrative grecque joue syst\u00e9matiquement en faveur des directions qui souvent n&rsquo;h\u00e9sitent pas de risquer des condamnations qui, de toute mani\u00e8re, ne les affectent pas directement. <\/p>\n<p>En attendant le poste de responsable, occup\u00e9 par Emmy avant sa \u00ab\u00a0mise au placard\u00a0\u00bb reste vacant, au d\u00e9triment de la qualit\u00e9 des soins aux personnes d\u00e9pendantes.<br \/>\nIl pourrait \u00e9ventuellement \u00eatre pourvu par un m\u00e9decin avec un \u00ab\u00a0contrat d&rsquo;\u0153uvre\u00a0\u00bb (statut d&rsquo;auto-entrepreneur) conform\u00e9ment \u00e0 la logique n\u00e9olib\u00e9rale appliqu\u00e9e dans la Sant\u00e9 par les gouvernements grecs depuis maintenant plusieurs ann\u00e9es.<br \/>\nEmmy Koutsopoulou, psychiatre grecque, syndicaliste, responsable de l&rsquo;unit\u00e9 d&rsquo;addictologie \u00e0 l&rsquo;h\u00f4pital oncologique d&rsquo;Ath\u00e8nes \u00ab Aghios Savvas \u00bb, \u00e0 \u00e9t\u00e9 relev\u00e9e de ses fonctions par la direction de l&rsquo;organisme grec de lutte contre la drogue &#8211; OKANA.<br \/>\nCette d\u00e9cision de la direction a \u00e9t\u00e9 perp\u00e9tr\u00e9e en d\u00e9pit de toute d\u00e9ontologie administrative et de toute l\u00e9galit\u00e9. Elle lui a \u00e9t\u00e9 communiqu\u00e9e par fax le lendemain de son d\u00e9part en cong\u00e9 annuel, annonc\u00e9 bien en avance, pour la priver du droit de r\u00e9ponse et des recours l\u00e9gaux. <\/p>\n<p>Emmy Koutsopoulou est membre du comit\u00e9 scientifique du syndicat des salari\u00e9s de l&rsquo;organisme grec de lutte contre la drogue &#8211; OKANA.<br \/>\nEn Gr\u00e8ce, les probl\u00e8mes li\u00e9es \u00e0 la toxicomanie et \u00e0 la s\u00e9ropositivit\u00e9 au VIH ont explos\u00e9 depuis 2010, \u00e0 cause des politiques d\u2019aust\u00e9rit\u00e9 impos\u00e9es par le FMI, la Commission Europ\u00e9enne et la BCE. Les services de soins, d\u00e9bord\u00e9s \u00e0 cause du sous-financement, ne sont pas en mesure de soulager la gal\u00e8re des patient-e-s grec-que-s.<br \/>\nEn sa qualit\u00e9 de syndicaliste elle a d\u00e9nonc\u00e9 les man\u0153uvres de la direction dont le but est d&rsquo;\u00e9tendre et d&rsquo;amplifier les dispositifs de privatisation larv\u00e9e du service : recours g\u00e9n\u00e9ralis\u00e9 aux contrats d&rsquo;\u0153uvre et aux CDD et d\u00e9l\u00e9gation des missions \u00e0 la m\u00e9decine lib\u00e9rale. <\/p>\n<p>Elle s&rsquo;est \u00e9galement oppos\u00e9e \u00e0 la fermeture d&rsquo;unit\u00e9s de soins d\u2019addictologie de la banlieue du Pir\u00e9e (Nikaia) l\u00e0 o\u00f9 justement il existe les probl\u00e8mes les plus aigus.<br \/>\nEmmy Koutsopoulou est \u00e9galement fortement impliqu\u00e9e dans le mouvement de solidarit\u00e9 envers les r\u00e9fugi\u00e9s et dans le mouvement de soins auto-organis\u00e9s offerts aux citoyen-ne-s les plus d\u00e9munis. <\/p>\n<p>Les reproches de la direction d\u2019OKANA \u00e0 son \u00e9gard sont fabriqu\u00e9s de toutes pi\u00e8ces.<br \/>\nLe syndicat des salari\u00e9-e-s d\u2019OKANA a d\u00e9pos\u00e9 une plainte devant la justice administrative grecque et il est le plus probable que la direction d\u2019OKANA sera condamn\u00e9e. Sauf que le temps judiciaire est long et que la proc\u00e9dure risque de durer des ann\u00e9es. <\/p>\n<p>Les d\u00e9cisions administratives prises \u00e0 son encontre rel\u00e8vent du domaine de la r\u00e9pression politique, syndicale et professionnelle.<br \/>\nElles sont l&rsquo;expression d&rsquo;une politique qui tend \u00e0 se g\u00e9n\u00e9raliser aujourd&rsquo;hui en Europe, \u00e0 laquelle nous avons le devoir de r\u00e9sister.<br \/>\nElles sont aussi l\u2019expression d\u2019un mode de gestion administrative sc\u00e9l\u00e9rate, que des technocrates et des bureaucrates acquis au n\u00e9olib\u00e9ralisme (de droite et de gauche) appliquent dans les secteurs public et associatif, pour briser l\u2019ind\u00e9pendance professionnelle des soignants et toute vell\u00e9it\u00e9 de r\u00e9sistance. <\/p>\n<p>Dans le cadre de notre travail syndical dans le champ de la Sant\u00e9, nous recevons en France plusieurs t\u00e9moignages similaires au sujet de la r\u00e9pression \u00e0 l&rsquo;\u00e9gard des syndicalistes et des militants, dans les services publics et les associations. Nous en sommes constern\u00e9s et nous faisons de notre mieux pour riposter. La complexit\u00e9 apparente de certains cas  n\u00e9cessite un travail de v\u00e9rification qui parfois rallonge notre temps de r\u00e9action. La situation est en train de s\u2019aggraver suite \u00e0 l\u2019application des ordonnances Macron, notamment de la fusion des instances repr\u00e9sentatives du personnel et de la suppression du CHSCT. <\/p>\n<p>En signant cette lettre de p\u00e9tition et en l&rsquo;adressant \u00e0 la direction d&rsquo;OKANA nous exprimons avec force notre d\u00e9saccord radical avec les proc\u00e9d\u00e9s utilis\u00e9s \u00e0 l&rsquo;encontre d&rsquo;Emmy Koutsopoulou et avec les motivations politiques que de tels proc\u00e9d\u00e9s expriment. <\/p>\n<p>Vous pouvez signer la p\u00e9tition en ligne, ou bien imprimer la carte-lettre et l\u2019envoyer par la poste \u00e0 la direction d\u2019OKANA. <\/p>\n<p>Voici la p\u00e9tition publi\u00e9e sur Change_org<br \/>\nhttps:\/\/www.change.org\/p\/okana-emmy-koutsopoulou-doit-\u00eatre-r\u00e9int\u00e9gr\u00e9e-dans-ses-fonctions<br \/>\nRegardez aussi la vid\u00e9o :<br \/>\n<iframe loading=\"lazy\" title=\"Un entretien avec Emmy Koutsopoulou\" width=\"1170\" height=\"658\" src=\"https:\/\/www.youtube.com\/embed\/VgnmAcc1n_A?feature=oembed\" frameborder=\"0\" allow=\"accelerometer; autoplay; clipboard-write; encrypted-media; gyroscope; picture-in-picture\" allowfullscreen><\/iframe><br \/>\n\u00ab\u00a0Un entretien avec Emmy Koutsopoulou\u00a0\u00bb sur la cha\u00eene Youtube de \u00a9 Eirini Stavrakopoulou <\/p>\n<p>Pour le Collectif de soutien \u00e0 Emmy<br \/>\nEmmanuel (Manolis) Kosadinos, psychiatre<br \/>\nSyndicaliste de l\u2019Union Syndicale de la Psychiatrie (USP)<br \/>\nMembre du CA de l\u2019Association Internationale pour les Politiques de sant\u00e9 en Europe (IAHPE) <\/p>\n","protected":false},"excerpt":{"rendered":"<p>Premi\u00e8re publication en fran\u00e7ais le 8 octobre 2017 par Collectif fran\u00e7ais de soutien \u00e0 Emmy&hellip;<\/p>\n","protected":false},"author":1,"featured_media":0,"comment_status":"open","ping_status":"closed","sticky":false,"template":"","format":"standard","meta":{"footnotes":""},"categories":[588],"tags":[],"class_list":["post-25894","post","type-post","status-publish","format-standard","hentry","category-infos-et-actions-internationales"],"_links":{"self":[{"href":"https:\/\/www.uspsy.fr\/index.php?rest_route=\/wp\/v2\/posts\/25894","targetHints":{"allow":["GET"]}}],"collection":[{"href":"https:\/\/www.uspsy.fr\/index.php?rest_route=\/wp\/v2\/posts"}],"about":[{"href":"https:\/\/www.uspsy.fr\/index.php?rest_route=\/wp\/v2\/types\/post"}],"author":[{"embeddable":true,"href":"https:\/\/www.uspsy.fr\/index.php?rest_route=\/wp\/v2\/users\/1"}],"replies":[{"embeddable":true,"href":"https:\/\/www.uspsy.fr\/index.php?rest_route=%2Fwp%2Fv2%2Fcomments&post=25894"}],"version-history":[{"count":0,"href":"https:\/\/www.uspsy.fr\/index.php?rest_route=\/wp\/v2\/posts\/25894\/revisions"}],"wp:attachment":[{"href":"https:\/\/www.uspsy.fr\/index.php?rest_route=%2Fwp%2Fv2%2Fmedia&parent=25894"}],"wp:term":[{"taxonomy":"category","embeddable":true,"href":"https:\/\/www.uspsy.fr\/index.php?rest_route=%2Fwp%2Fv2%2Fcategories&post=25894"},{"taxonomy":"post_tag","embeddable":true,"href":"https:\/\/www.uspsy.fr\/index.php?rest_route=%2Fwp%2Fv2%2Ftags&post=25894"}],"curies":[{"name":"wp","href":"https:\/\/api.w.org\/{rel}","templated":true}]}}