{"id":26036,"date":"2019-06-24T11:02:10","date_gmt":"2019-06-24T09:02:10","guid":{"rendered":"https:\/\/www.uspsy.fr\/?p=26036"},"modified":"2021-06-01T22:07:42","modified_gmt":"2021-06-01T20:07:42","slug":"elections-professionnelles-des","status":"publish","type":"post","link":"https:\/\/www.uspsy.fr\/?p=26036","title":{"rendered":"Elections professionnelles des praticiens hospitaliers &#8211; Votez !"},"content":{"rendered":"Vous connaissez l\u2019\u00e9tat de la psychiatrie publique\nVous connaissez les enjeux\n\nVOTEZ !\n\nDu 25 juin au 2 juillet, avec vos codes re\u00e7us par mail \u00e0 partir du 7 juin 2019\n\nPour rappel, vous trouverez ci-dessous les listes o\u00f9 figurent l\u2019USP au sein de l\u2019intersyndicale APH \u2013 jeunes m\u00e9decins.\n\n<strong>L\u2019USP et le SPH, unis depuis plusieurs ann\u00e9es dans la m\u00eame intersyndicale CPH au sein d\u2019APH, puis avec le Printemps de la Psychiatrie, s\u2019engagent \u00e0 d\u00e9fendre avec Jeunes M\u00e9decins l\u2019exercice des psychiatres praticiens hospitaliers titulaires et contractuels avec en particulier :<\/strong>\n1.\tLe vote au parlement d\u2019une loi globale sur la psychiatrie : la Psychiatrie est une discipline \u00e0 part enti\u00e8re dont les sp\u00e9cificit\u00e9s doivent \u00eatre reconnues dans les politiques de sant\u00e9, int\u00e9grant tous les enjeux territoriaux et sectoriels.\n2.\tPour des mesures urgentes et p\u00e9rennes contre l&rsquo;\u00e9tat de d\u00e9gradation de la psychiatrie infanto-juv\u00e9nile.\n3.\tUne reconnaissance de l\u2019importance des \u00e9changes entre professionnels et une r\u00e9flexion ouverte sur les pratiques cliniques, pour un acc\u00e8s facilit\u00e9 aux formations respectueuses des diff\u00e9rentes bases th\u00e9oriques en psychiatrie.\n4.\tPour une \u00e9volution des modes de financement de la psychiatrie, contre les effets pervers de tarification \u00e0 l&rsquo;activit\u00e9 et pour des moyens \u00e0 la mesure des besoins.\n\nLes unions syndicales Action Praticiens H\u00f4pital (Avenir Hospitalier et la Conf\u00e9d\u00e9ration des Praticiens des H\u00f4pitaux) et Jeunes M\u00e9decins vous pr\u00e9sentent leurs listes de candidatures afin de porter ensemble leurs valeurs communes :\n\n&#8211; Attachement sans r\u00e9serve au Service Public hospitalier\n&#8211; Plan attractivit\u00e9, donnant envie aux praticiens de venir et rester \u00e0 l\u2019h\u00f4pital public\n\u2022\tRespect du temps et des conditions de travail pour concilier vie personnelle et vie professionnelle\n\u2022\tReconnaissance de la p\u00e9nibilit\u00e9 li\u00e9e \u00e0 la permanence des soins\n\u2022\tRevalorisation des r\u00e9mun\u00e9rations \u00e0 hauteur de la comp\u00e9tence, responsabilit\u00e9 et de l\u2019\u00e9volution du co\u00fbt de la vie\n&#8211; Acc\u00e8s au statut unique de praticien hospitalier\n\u2022\tind\u00e9pendant des gouvernances des \u00e9tablissements\/GHT\n\u2022\tapr\u00e8s examen national par les pairs (inscription sur liste d\u2019aptitude)\n&#8211; Ind\u00e9pendance professionnelle garantie par une nomination nationale\n\u2022\tReconnaissance des valences et des parcours professionnels : soin, enseignement, recherche, missions institutionnelles, management\n\u2022\tR\u00f4le d\u00e9cisionnaire des praticiens hospitaliers dans la gouvernance des h\u00f4pitaux, pour la remettre au service du soin et aux valeurs humanistes et sociales de l\u2019h\u00f4pital public\n\u2022\tRepr\u00e9sentation syndicale des praticiens au sein d\u2019une instance locale d\u00e9di\u00e9e aux conditions de travail, sant\u00e9 et s\u00e9curit\u00e9\nPour un statut attractif et un r\u00f4le retrouv\u00e9 dans la gouvernance des h\u00f4pitaux,\nPour que l\u2019H\u00f4pital Public et ses soignants retrouvent leur place dans la cit\u00e9 en 2019\n\n<em>Dr Marc B\u00e9tr\u00e9mieux, Pdt du SPH &#8211; Dr Pascal Boissel, Pdt de l\u2019USP &#8211; Dr Emanuel Loeb, Pdt de JM<\/em>\n\n<strong>Commission statutaire nationale (CSN) des PH en psychiatrie (Vote sur le site du CNG) <\/strong> \n\u2022 Marc B\u00e9tr\u00e9mieux, Centre Hospitalier d&rsquo;H\u00e9nin-Beaumont\n\u2022 Delphine Huet \u2013 Glachand , Centre hospitalier Les Murets, La Queue-en-Brie\n\u2022 Alexis Lepetit, HCL H\u00f4pital des Charpennes, Villeurbanne\n\u2022 Isabelle Montet, H\u00f4pitaux de Saint-Maurice\n\u2022 Jean-Pierre Salvarelli, Centre Hospitalier Le Vinatier, Bron\n\u2022 Maria Cortes, Centre hospitalier Fran\u00e7ois Quesnay, Mantes-la-Jolie\n\u2022 Charles-Olivier Pons, CHS Saint-Ylie Jura, D\u00f4le \n\u2022 Marion Azoulay, Groupe hospitalier Paul Guiraud, Villejuif\n\u2022 Paul Jean-Francois, Groupe hospitalier Paul Guiraud, Villejuif\n\u2022 Soazic Peden &#8211; Botrel, Centre psychoth\u00e9rapeutique Winnicott &#8211; CHU Brest\n\u2022 Bertrand Lavoisy, EPSM Lille-M\u00e9tropole, Armenti\u00e8res\n\u2022 Florence De Rohan \u2013 Chabot, Etablissement Public de Sant\u00e9 Maison Blanche, Paris\n\n<strong>Conseil de discipline (CD) des PH en psychiatrie (vote sur le site du CNG) <\/strong> \n\u2022 Isabelle Montet, H\u00f4pitaux de Saint-Maurice\n\u2022 Claire Gekiere, CHS de la Savoie &#8211; Bassens, Chamb\u00e9ry\n\u2022 Marc B\u00e9tr\u00e9mieux, Centre Hospitalier d&rsquo;H\u00e9nin-Beaumont\n\u2022 Maria Cortes, Centre hospitalier Fran\u00e7ois Quesnay, Mantes-la-Jolie\n\u2022 Monique D&rsquo;Amore, Centre hospitalier sp\u00e9cialis\u00e9 Montperrin, Aix-en-Provence\n\u2022 Alexis Lepetit, HCL H\u00f4pital des Charpennes, Villeurbanne\n\u2022 Marion Azoulay, Groupe hospitalier Paul Guiraud, Villejuif\n\u2022 Bertrand Lavoisy, EPSM Lille-M\u00e9tropole, Armenti\u00e8res\n\u2022 Soazic Peden &#8211; Botrel, Centre psychoth\u00e9rapeutique Winnicott &#8211; CHU de Brest\n\u2022 Jean-Pierre Salvarelli, Centre Hospitalier Le Vinatier, Bron\n\u2022 Anne-Sophie Pernel, Centre de Sant\u00e9 Mentale angevin CESAME, Sainte-Gemmes-sur-Loire\n\u2022 Pierre Paresys, Centre hospitalier Dr Schaffner, Lens\n\n<strong>Conseil sup\u00e9rieur des personnels m\u00e9dicaux (CSPM) tous PH (vote sur le site de la DGOS) <\/strong> \n\u2022 Jacques Tr\u00e9vidic, Pharmacie, EPSM Jean-Martin Charcot, Caudan\n\u2022 Renaud P\u00e9quignot, G\u00e9riatrie, H\u00f4pitaux de Saint-Maurice\n\u2022 Anne Wernet, Anesth\u00e9sie &#8211; r\u00e9animation, CH de Perpignan\n\u2022 Maria Cortes, Psychiatrie, CH de Mantes-la-Jolie\n\u2022 Fran\u00e7ois Bart, Anesth\u00e9sie &#8211; r\u00e9animation, AP-HP H\u00f4pital Lariboisi\u00e8re, Paris\n\u2022 Pascale Le Pors, Gyn\u00e9cologie Obst\u00e9trique, CH de Saint-Malo\n\u2022 Jean-Fran\u00e7ois Cibien, Urgences, CH d\u2019Agen\n\u2022 Carole Poupon, Biologie M\u00e9dicale, CH de Gonesse \n\u2022 Anne Gervais, Gastro-ent\u00e9rologie, AP-HP H\u00f4pital Bichat &#8211; Claude-Bernard, Paris\n\u2022 Julien Kracht, Cardiologue, CH de Bretagne Sud, Lorient\n\u2022 Yves R\u00e9bufat, Anesth\u00e9sie &#8211; r\u00e9animation, CHU de Nantes\n\u2022 Isabelle Montet, Psychiatrie, H\u00f4pitaux de Saint-Maurice\n\u2022 Hubert Parmentier, Chirurgie visc\u00e9rale, CH de Vienne\n\u2022 Anne David-Br\u00e9ard, G\u00e9riatrie, CH de Sancerre\n\u2022 Anouar Ben Hellal, Urgences, CH de Versailles\n\nFacebook <a href=\"https:\/\/avenir-hospitalier.us13.list-manage.com\/track\/click?u=6b9979696c97cc05822d80d07&#038;id=4f45040da7&#038;e=bcd013541e\">@ActionPratHopit<\/a>\nTwitter <a href=\"https:\/\/avenir-hospitalier.us13.list-manage.com\/track\/click?u=6b9979696c97cc05822d80d07&#038;id=6e5b6c7756&#038;e=bcd013541e\">@ActionPraticienH\u00f4pital<\/a>\n\nFacebook  <a href=\"https:\/\/avenir-hospitalier.us13.list-manage.com\/track\/click?u=6b9979696c97cc05822d80d07&#038;id=bc3f1e9596&#038;e=bcd013541e\">@JeunesmedecinsF<\/a>\nTwitter  <a href=\"https:\/\/avenir-hospitalier.us13.list-manage.com\/track\/click?u=6b9979696c97cc05822d80d07&#038;id=30e7bc44d1&#038;e=bcd013541e\">JMmedecins<\/a>\n\n<a href=\"https:\/\/www.uspsy.fr\/L-USP-et-les-elections.html\">L\u2019USP et les \u00e9lections professionnelles<\/a>\n\n<h2 class=\"wp-block-heading\">Documents joints<\/h2>\n\n\n\n<div class=\"wp-block-file\"><a href=\"http:\/\/www.uspsy.fr\/wp-content\/uploads\/2019\/06\/pdf_communique_de_l_usp_elections_professionnelles_des_ph_-_votez.pdf\">Communiqu\u00e9 de l&rsquo;USP_Elections professionnelles des PH &#8211; Votez.pdf<\/a><\/div>\n\n\n","protected":false},"excerpt":{"rendered":"<p>Vous connaissez l\u2019\u00e9tat de la psychiatrie publique Vous connaissez les enjeux VOTEZ ! Du 25&hellip;<\/p>\n","protected":false},"author":1,"featured_media":0,"comment_status":"open","ping_status":"closed","sticky":false,"template":"","format":"standard","meta":{"footnotes":""},"categories":[601],"tags":[],"class_list":["post-26036","post","type-post","status-publish","format-standard","hentry","category-elections-psychiatrie-2011-et-2019-commission-de-discipline-et-commission-statutaire-nationale"],"_links":{"self":[{"href":"https:\/\/www.uspsy.fr\/index.php?rest_route=\/wp\/v2\/posts\/26036","targetHints":{"allow":["GET"]}}],"collection":[{"href":"https:\/\/www.uspsy.fr\/index.php?rest_route=\/wp\/v2\/posts"}],"about":[{"href":"https:\/\/www.uspsy.fr\/index.php?rest_route=\/wp\/v2\/types\/post"}],"author":[{"embeddable":true,"href":"https:\/\/www.uspsy.fr\/index.php?rest_route=\/wp\/v2\/users\/1"}],"replies":[{"embeddable":true,"href":"https:\/\/www.uspsy.fr\/index.php?rest_route=%2Fwp%2Fv2%2Fcomments&post=26036"}],"version-history":[{"count":1,"href":"https:\/\/www.uspsy.fr\/index.php?rest_route=\/wp\/v2\/posts\/26036\/revisions"}],"predecessor-version":[{"id":26038,"href":"https:\/\/www.uspsy.fr\/index.php?rest_route=\/wp\/v2\/posts\/26036\/revisions\/26038"}],"wp:attachment":[{"href":"https:\/\/www.uspsy.fr\/index.php?rest_route=%2Fwp%2Fv2%2Fmedia&parent=26036"}],"wp:term":[{"taxonomy":"category","embeddable":true,"href":"https:\/\/www.uspsy.fr\/index.php?rest_route=%2Fwp%2Fv2%2Fcategories&post=26036"},{"taxonomy":"post_tag","embeddable":true,"href":"https:\/\/www.uspsy.fr\/index.php?rest_route=%2Fwp%2Fv2%2Ftags&post=26036"}],"curies":[{"name":"wp","href":"https:\/\/api.w.org\/{rel}","templated":true}]}}