{"id":26135,"date":"2019-12-16T11:29:00","date_gmt":"2019-12-16T10:29:00","guid":{"rendered":"https:\/\/www.uspsy.fr\/?p=26135"},"modified":"2021-06-01T22:08:54","modified_gmt":"2021-06-01T20:08:54","slug":"communique-commun-des-2515","status":"publish","type":"post","link":"https:\/\/www.uspsy.fr\/?p=26135","title":{"rendered":"Communiqu\u00e9 commun des organisations syndicales des personnels m\u00e9dicaux hospitaliers, des internes et des \u00e9tudiants : La mobilisation des professionnels de l\u2019h\u00f4pital public ne faiblit pas"},"content":{"rendered":"Face \u00e0 l\u2019inertie du Gouvernement, les organisations syndicales des personnels m\u00e9dicaux, des internes et des \u00e9tudiants appellent une nouvelle fois tous les professionnels hospitaliers \u00e0 cesser le travail le 17 d\u00e9cembre pour exiger les mesures imm\u00e9diates de sauvegarde de l\u2019h\u00f4pital public :\n \n1.\taugmentation du budget hospitalier au moins \u00e9gal \u00e0 l\u2019\u00e9volution naturelle des d\u00e9penses (4,4%) ;\n2.\trevalorisation massive des carri\u00e8res m\u00e9dicales et non m\u00e9dicales, notamment en d\u00e9but de carri\u00e8re ;\n3.\tgouvernance partag\u00e9e plus ouverte aux professionnels m\u00e9decins et soignants.\n \nTous les professionnels sont invit\u00e9s \u00e0 rejoindre les manifestations unitaires qui permettront l\u2019expression des revendications propres au service public hospitalier. A Paris, un cort\u00e8ge \u00ab Sant\u00e9 \u00bb est organis\u00e9 \u00e0 11 heures depuis l\u2019h\u00f4pital Lariboisi\u00e8re jusqu\u2019\u00e0 la Place de la R\u00e9publique. Compte tenu des difficult\u00e9s de transport, la participation aux actions locales est aussi privil\u00e9gi\u00e9e.\n \nNous exigeons des pouvoirs publics l\u2019ouverture imm\u00e9diate de n\u00e9gociations sur tous les sujets qui occupent aujourd\u2019hui le champ social afin de sortir de la logique d\u2019\u00e9vitement du gouvernement.\n \n&#8211; Dr Sadek Beloucif\nPr\u00e9sident SNAM-HP\t\n&#8211; Dr Renaud P\u00e9quignot\nPr\u00e9sident AH\nVice-Pr\u00e9sident APH\n&#8211; Dr J\u00e9r\u00e9mie Zerbit\nPr\u00e9sident AJPH\t\n&#8211; Aur\u00e9lie Truffot\nCo-pr\u00e9sidente FNSIP-BM\n&#8211; Dr Rachel Bocher\nPr\u00e9sidente INPH\n&#8211; Dr Norbert Skurnik\nPr\u00e9sident CMH\t\n&#8211; Justin Breysse\nPr\u00e9sident ISNI\t\n&#8211; Roxane Hellandsj\u00f6-Prost\nPr\u00e9sidente de l\u2019ANEMF\n&#8211; Dr Emanuel Loeb\nPr\u00e9sident Jeunes M\u00e9decins\t\n&#8211; Dr Jacques Tr\u00e9vidic\nPr\u00e9sident CPH\nPr\u00e9sident APH\t\n&#8211; Lucas Denis\nCo-pr\u00e9sident FNSIP-BM\t \n \n\n<h2 class=\"wp-block-heading\">Documents joints<\/h2>\n\n\n\n<div class=\"wp-block-file\"><a href=\"http:\/\/www.uspsy.fr\/wp-content\/uploads\/2019\/12\/pdf_20191216_cp_commun_greve_17_decembre.pdf\">20191216_CP_commun_Greve 17 decembre.pdf<\/a><\/div>\n\n\n","protected":false},"excerpt":{"rendered":"<p>Face \u00e0 l\u2019inertie du Gouvernement, les organisations syndicales des personnels m\u00e9dicaux, des internes et des&hellip;<\/p>\n","protected":false},"author":1,"featured_media":0,"comment_status":"open","ping_status":"closed","sticky":false,"template":"","format":"standard","meta":{"footnotes":""},"categories":[599],"tags":[],"class_list":["post-26135","post","type-post","status-publish","format-standard","hentry","category-service-public"],"_links":{"self":[{"href":"https:\/\/www.uspsy.fr\/index.php?rest_route=\/wp\/v2\/posts\/26135","targetHints":{"allow":["GET"]}}],"collection":[{"href":"https:\/\/www.uspsy.fr\/index.php?rest_route=\/wp\/v2\/posts"}],"about":[{"href":"https:\/\/www.uspsy.fr\/index.php?rest_route=\/wp\/v2\/types\/post"}],"author":[{"embeddable":true,"href":"https:\/\/www.uspsy.fr\/index.php?rest_route=\/wp\/v2\/users\/1"}],"replies":[{"embeddable":true,"href":"https:\/\/www.uspsy.fr\/index.php?rest_route=%2Fwp%2Fv2%2Fcomments&post=26135"}],"version-history":[{"count":1,"href":"https:\/\/www.uspsy.fr\/index.php?rest_route=\/wp\/v2\/posts\/26135\/revisions"}],"predecessor-version":[{"id":26137,"href":"https:\/\/www.uspsy.fr\/index.php?rest_route=\/wp\/v2\/posts\/26135\/revisions\/26137"}],"wp:attachment":[{"href":"https:\/\/www.uspsy.fr\/index.php?rest_route=%2Fwp%2Fv2%2Fmedia&parent=26135"}],"wp:term":[{"taxonomy":"category","embeddable":true,"href":"https:\/\/www.uspsy.fr\/index.php?rest_route=%2Fwp%2Fv2%2Fcategories&post=26135"},{"taxonomy":"post_tag","embeddable":true,"href":"https:\/\/www.uspsy.fr\/index.php?rest_route=%2Fwp%2Fv2%2Ftags&post=26135"}],"curies":[{"name":"wp","href":"https:\/\/api.w.org\/{rel}","templated":true}]}}