{"id":26171,"date":"2020-02-17T10:47:52","date_gmt":"2020-02-17T09:47:52","guid":{"rendered":"https:\/\/www.uspsy.fr\/?p=26171"},"modified":"2020-02-17T10:47:52","modified_gmt":"2020-02-17T09:47:52","slug":"une-infirmiere-tuee-a-l-hopital-de","status":"publish","type":"post","link":"https:\/\/www.uspsy.fr\/?p=26171","title":{"rendered":"Une infirmi\u00e8re tu\u00e9e \u00e0 l&rsquo;h\u00f4pital de Thouars (79). Premi\u00e8res r\u00e9actions face \u00e0 ce drame. \u00ab On est au bout du bout \u00bb"},"content":{"rendered":"<p>Nous recommandons la lecture de billet de blog du journaliste renomm\u00e9 Jean-Yves Nau : https:\/\/jeanyvesnau.com\/2020\/02\/14\/au-lendemain-de-la-mort-de-linfirmiere-poignardee-le-cri-du-printemps-de-la-psychiatrie\/<\/p>\n<p>Nous avons lu dans <em>La Nouvelle r\u00e9publique <\/em> des Deux S\u00e8vres dat\u00e9 du 14 f\u00e9vrier cette poignante r\u00e9action d&rsquo; un infirmier psychiatrique CGT de cet h\u00f4pital, Alain Fouquet :\u00a0\u00bbLes salari\u00e9s sont boulevers\u00e9s, les \u00e9quipes vivent un calvaire\u00a0\u00bb. <\/p>\n<p>Entre \u00e9motion et froide col\u00e8re, Alain Fouquet est venu s&rsquo;exprimer devant les m\u00e9dias au nom des salari\u00e9s du centre hospitalier Nord Deux-S\u00e8vres (CHNDS), au lendemain du drame qui a co\u00fbt\u00e9 la vie \u00e0 Elodie, infirmi\u00e8re de 30 ans d\u00e9c\u00e9d\u00e9e suite \u00e0 un coup de couteau port\u00e9 par un jeune patient du centre de psychoth\u00e9rapie de Thouars.<\/p>\n<p>Il sortait d&rsquo;une r\u00e9union de plus de deux heures, en pr\u00e9sence notamment du d\u00e9l\u00e9gu\u00e9 minist\u00e9riel \u00e0 la sant\u00e9 mentale et \u00e0 la psychiatrie, Frank Bellivier, durant laquelle une centaine d&rsquo;agents hospitaliers des unit\u00e9s de psychoth\u00e9rapie du CHNDS \u00e9taient r\u00e9unis.<\/p>\n<p>\u00ab\u00a0On aurait pr\u00e9f\u00e9r\u00e9 que la ministre Agn\u00e8s Buzyn se d\u00e9place, mais c&rsquo;est \u00e0 elle qu&rsquo;il faut demander pourquoi elle n&rsquo;a pas jug\u00e9 bon de venir, a ajout\u00e9 Alain Fouquet, infirmier en psychiatrie depuis 1983 et \u00e9lu CGT, syndicat majoritaire au sein de l&rsquo;\u00e9tablissement. Cela dit, la consid\u00e9ration d&rsquo;un ministre, c&rsquo;est bien joli mais il faut surtout donner enfin \u00e0 l&rsquo;h\u00f4pital les moyens de fonctionner correctement.\u00a0\u00bb<\/p>\n<p>\u00ab\u00a0Dire que ce drame est uniquement d\u00fb au manque de moyens serait un raccourci d\u00e9gueulasse, a-t-il poursuivi, \u00e9mu aux larmes. Mais \u00e7a participe&#8230; C&rsquo;est une effroyable goutte d&rsquo;eau suppl\u00e9mentaire. C&rsquo;est vraiment terrible ce qui arrive.\u00a0\u00bb<\/p>\n<p>\u00ab\u00a0Nous alertons depuis des ann\u00e9es sur le manque de moyens, de personnel, de formation, de m\u00e9decins : \u00e7a ne peut plus durer ! Au service psy du centre hospitalier Nord Deux-S\u00e8vres, quatorze postes sont budg\u00e9t\u00e9s mais seulement cinq sont pourvus. Ils touchent des salaires mis\u00e9rables pour risquer leur vie\u2026\u00a0\u00bb<\/p>\n<p>\u00ab\u00a0On ne devrait pas se retrouver avec seulement deux soignants pour g\u00e9rer quinze \u00e0 vingt patients. On a alert\u00e9 le minist\u00e8re \u00e0 plusieurs reprises, et \u00e0 chaque fois il nous renvoie vers l\u2019Agence r\u00e9gionale de sant\u00e9. C&rsquo;est facile de laisser les ARS se d\u00e9brouiller&#8230; Madame Buzyn doit arr\u00eater les mots, les grandes annonces, et passer aux actes en donnant r\u00e9ellement \u00e0 l\u2019h\u00f4pital les moyens de fonctionner. Sinon on ne fera que repousser l\u2019\u00e9ch\u00e9ance de la prochaine catastrophe. On est au bout du bout, ici comme dans les tous les h\u00f4pitaux.\u00a0\u00bb<\/p>\n","protected":false},"excerpt":{"rendered":"<p>Nous recommandons la lecture de billet de blog du journaliste renomm\u00e9 Jean-Yves Nau : https:\/\/jeanyvesnau.com\/2020\/02\/14\/au-lendemain-de-la-mort-de-linfirmiere-poignardee-le-cri-du-printemps-de-la-psychiatrie\/&hellip;<\/p>\n","protected":false},"author":1,"featured_media":0,"comment_status":"open","ping_status":"closed","sticky":false,"template":"","format":"standard","meta":{"footnotes":""},"categories":[598],"tags":[],"class_list":["post-26171","post","type-post","status-publish","format-standard","hentry","category-textes-divers"],"_links":{"self":[{"href":"https:\/\/www.uspsy.fr\/index.php?rest_route=\/wp\/v2\/posts\/26171","targetHints":{"allow":["GET"]}}],"collection":[{"href":"https:\/\/www.uspsy.fr\/index.php?rest_route=\/wp\/v2\/posts"}],"about":[{"href":"https:\/\/www.uspsy.fr\/index.php?rest_route=\/wp\/v2\/types\/post"}],"author":[{"embeddable":true,"href":"https:\/\/www.uspsy.fr\/index.php?rest_route=\/wp\/v2\/users\/1"}],"replies":[{"embeddable":true,"href":"https:\/\/www.uspsy.fr\/index.php?rest_route=%2Fwp%2Fv2%2Fcomments&post=26171"}],"version-history":[{"count":0,"href":"https:\/\/www.uspsy.fr\/index.php?rest_route=\/wp\/v2\/posts\/26171\/revisions"}],"wp:attachment":[{"href":"https:\/\/www.uspsy.fr\/index.php?rest_route=%2Fwp%2Fv2%2Fmedia&parent=26171"}],"wp:term":[{"taxonomy":"category","embeddable":true,"href":"https:\/\/www.uspsy.fr\/index.php?rest_route=%2Fwp%2Fv2%2Fcategories&post=26171"},{"taxonomy":"post_tag","embeddable":true,"href":"https:\/\/www.uspsy.fr\/index.php?rest_route=%2Fwp%2Fv2%2Ftags&post=26171"}],"curies":[{"name":"wp","href":"https:\/\/api.w.org\/{rel}","templated":true}]}}