{"id":26215,"date":"2020-05-12T16:30:19","date_gmt":"2020-05-12T14:30:19","guid":{"rendered":"https:\/\/www.uspsy.fr\/?p=26215"},"modified":"2021-06-01T22:10:11","modified_gmt":"2021-06-01T20:10:11","slug":"mariotti-demission","status":"publish","type":"post","link":"https:\/\/www.uspsy.fr\/?p=26215","title":{"rendered":"Mariotti : d\u00e9mission !"},"content":{"rendered":"Le 8 avril, Christophe Lannelongue, directeur de l\u2019Agence r\u00e9gionale de sant\u00e9 du Grand Est a \u00e9t\u00e9 d\u00e9mis de ses fonctions par Olivier V\u00e9ran apr\u00e8s avoir d\u00e9fray\u00e9 la chronique par ses propos ind\u00e9cents : \u00ab Il n\u2019y a pas de raison de remettre en cause le Copermo (Comit\u00e9 interminist\u00e9riel de la performance et de la modernisation de l\u2019offre de soins hospitaliers) pour le CHRU de Nancy \u00bb qui pr\u00e9voyait la r\u00e9organisation totale de ses infrastructures, la suppression de 174 lits et 596 postes. Ceci au moment o\u00f9 la r\u00e9gion Grand Est subissait de plein fouet l\u2019\u00e9pid\u00e9mie de Covid-19. Le 23 avril, Guy Collet et G\u00e9rard Vincent, directeurs d\u2019h\u00f4pitaux, anciens de la FHF, dans un entretien avec Le Monde, affirment le \u00ab cadre de performance \u00bb de transformer l\u2019h\u00f4pital public en \u00e9tablissement priv\u00e9 pour \u00eatre rentable et performant sur le march\u00e9 du soin.\nCe que les uns et les autres ont dit ou \u00e9crit, Pascal Mariotti le fait ! \n\nDirecteur depuis 2017 de l\u2019h\u00f4pital Le Vinatier \u00e0 Bron (69), il illustre \u00e0 lui tout seul les trois d\u00e9rives qui d\u00e9truisent l\u2019h\u00f4pital public et plus particuli\u00e8rement la psychiatrie.\nD\u00e9rive financi\u00e8re, qui vise \u00e0 faire de l\u2019h\u00f4pital une entreprise rentable sur un march\u00e9 du soin. Alors que la tarification \u00e0 l\u2019activit\u00e9 s\u00e9vit et est d\u00e9nonc\u00e9e partout, elle guette la psychiatrie. Rien n\u2019arr\u00eate Pascal Mariotti dans la politique de restructuration d\u2019unit\u00e9s, en pleine crise sanitaire, sous couvert d\u2019ouvertures d\u2019unit\u00e9 Covid-19, d\u00e9cid\u00e9es dans l\u2019urgence et sans concertation avec le corps m\u00e9dico-infirmier, alors m\u00eame que les lits lib\u00e9r\u00e9s pour l\u2019accueil de patients Covid-19 sont d\u00e9j\u00e0 largement suffisants. Il s\u2019agit de non r\u00e9ouverture d\u2019unit\u00e9s ferm\u00e9es \u00e0 la hussarde !\n\nEt pourtant, le 29 avril, Olivier V\u00e9ran, au micro de l\u2019Assembl\u00e9e nationale, annon\u00e7ait la suspension de tous les plans de restructuration, y compris au Vinatier.\nD\u00e9rive manag\u00e9riale, dans la droite ligne de la gouvernance hospitali\u00e8re de la loi HPST. Le directeur est seul ma\u00eetre \u00e0 bord de son navire entreprise, d\u00e9cide, tranche. Les p\u00f4les sont mis en concurrence. Pascal Mariotti joue des rivalit\u00e9s entre m\u00e9decins et favorise le clivage comme strat\u00e9gie.\n\nEn pleine crise institutionnelle, il d\u00e9cide de ne plus recevoir les syndicats de personnels soignants, sauf celui qui soutient ses projets.\nD\u00e9rive id\u00e9ologique, qui voit se mettre en place l\u2019h\u00e9g\u00e9monie de l\u2019approche neuronale dans la discipline.\n\nPascal Mariotti promeut les universitaires neuroscientifiques ! Il s\u2019autorise \u00e0 dire sa volont\u00e9 d\u2019interdiction professionnelle de la psychanalyse, laisse son directeur des soins m\u00e9priser les m\u00e9decins d\u00e9fenseurs de la psychiatrie de secteur dans le bulletin quotidien de l\u2019h\u00f4pital.\n\nLes m\u00e9decins ayant encore une affinit\u00e9 avec le champ psychanalytique ou la psychoth\u00e9rapie institutionnelle sont au mieux pri\u00e9s de partir, au pire terroris\u00e9s et bloqu\u00e9s dans leur parcours, et aussi non recrut\u00e9s.\n\nCombien de temps les professionnels de la psychiatrie subiront-ils ce pouvoir gestionnaire technocratique ?\n\nL\u2019USP en appelle \u00e0 la reprise d\u2019un dialogue social d\u00e9mocratique avec tous les personnels du Vinatier.\n\nL\u2019USP demande la r\u00e9ouverture des unit\u00e9s actuellement ferm\u00e9es du Vinatier pour accueillir les nouveaux patients qui arrivent nombreux dans ce 2e temps de la crise sanitaire dans le cadre d\u2019une politique de secteur et dans une vraie concertation avec les \u00e9quipes.\n\nL\u2019USP demande \u00e0 ce que toutes les approches de notre discipline gardent leur place au Vinatier, sans exclusivit\u00e9 pour les approches neurocomportementales.\n\nL\u2019USP demande \u00e0 ce que Pascal Mariotti et tous les directeurs qui suivent sa voie soient remis \u00e0 disposition du minist\u00e8re.\n\nPour le conseil national\nDelphine Glachant, Pr\u00e9sidente \nJean-Pierre Martin, Membre du CN\n\n<h2 class=\"wp-block-heading\">Documents joints<\/h2>\n\n\n\n<div class=\"wp-block-file\"><a href=\"http:\/\/www.uspsy.fr\/wp-content\/uploads\/2020\/05\/pdf_communique_de_l_usp_mariotti_demission.pdf\">Communiqu\u00e9 de l&rsquo;USP_Mariotti, d\u00e9mission.pdf<\/a><\/div>\n\n\n","protected":false},"excerpt":{"rendered":"<p>Le 8 avril, Christophe Lannelongue, directeur de l\u2019Agence r\u00e9gionale de sant\u00e9 du Grand Est a&hellip;<\/p>\n","protected":false},"author":1,"featured_media":0,"comment_status":"open","ping_status":"closed","sticky":false,"template":"","format":"standard","meta":{"footnotes":""},"categories":[591],"tags":[],"class_list":["post-26215","post","type-post","status-publish","format-standard","hentry","category-communiques-de-presse"],"_links":{"self":[{"href":"https:\/\/www.uspsy.fr\/index.php?rest_route=\/wp\/v2\/posts\/26215","targetHints":{"allow":["GET"]}}],"collection":[{"href":"https:\/\/www.uspsy.fr\/index.php?rest_route=\/wp\/v2\/posts"}],"about":[{"href":"https:\/\/www.uspsy.fr\/index.php?rest_route=\/wp\/v2\/types\/post"}],"author":[{"embeddable":true,"href":"https:\/\/www.uspsy.fr\/index.php?rest_route=\/wp\/v2\/users\/1"}],"replies":[{"embeddable":true,"href":"https:\/\/www.uspsy.fr\/index.php?rest_route=%2Fwp%2Fv2%2Fcomments&post=26215"}],"version-history":[{"count":1,"href":"https:\/\/www.uspsy.fr\/index.php?rest_route=\/wp\/v2\/posts\/26215\/revisions"}],"predecessor-version":[{"id":26217,"href":"https:\/\/www.uspsy.fr\/index.php?rest_route=\/wp\/v2\/posts\/26215\/revisions\/26217"}],"wp:attachment":[{"href":"https:\/\/www.uspsy.fr\/index.php?rest_route=%2Fwp%2Fv2%2Fmedia&parent=26215"}],"wp:term":[{"taxonomy":"category","embeddable":true,"href":"https:\/\/www.uspsy.fr\/index.php?rest_route=%2Fwp%2Fv2%2Fcategories&post=26215"},{"taxonomy":"post_tag","embeddable":true,"href":"https:\/\/www.uspsy.fr\/index.php?rest_route=%2Fwp%2Fv2%2Ftags&post=26215"}],"curies":[{"name":"wp","href":"https:\/\/api.w.org\/{rel}","templated":true}]}}