{"id":26221,"date":"2020-09-18T09:00:00","date_gmt":"2020-09-18T07:00:00","guid":{"rendered":"https:\/\/www.uspsy.fr\/?p=26221"},"modified":"2021-06-01T22:10:16","modified_gmt":"2021-06-01T20:10:16","slug":"35e-congres-de-l-usp-sur-le-theme-la-psychiatrie-d-apres-du-11-au-13-septembre","status":"publish","type":"post","link":"https:\/\/www.uspsy.fr\/?p=26221","title":{"rendered":"35e congr\u00e8s de l&rsquo;USP sur le th\u00e8me \u00ab\u00a0La psychiatrie d&rsquo;apr\u00e8s\u00a0\u00bb du 11 au 13 septembre 2020 \u00e0 Paris"},"content":{"rendered":"Le 35e congr\u00e8s de l\u2019USP, initialement pr\u00e9vu du 20 et 22 mars, annul\u00e9 en raison de la crise sanitaire, s&rsquo;est tenu du 11 au 13 septembre 2020 sur le th\u00e8me :\n\n<strong>LA PSYCHIATRIE D\u2019APRES<\/strong>\n\nA l\u2019Institut protestant de th\u00e9ologie, 83 Boulevard Arago, PARIS 14e.\n\nNous sortons tout juste de la crise sanitaire de la Covid, sans savoir de quoi sera fait l&rsquo;avenir sur le plan sanitaire comme sur le plan social.\nCette crise a montr\u00e9 sans surprise que la psychiatrie n&rsquo;\u00e9tait pas une priorit\u00e9 pour le gouvernement. Et pourtant, les professionnels de notre champ disciplinaire ont \u00e9t\u00e9 pr\u00e9sents pour faire en sorte que les soins continuent malgr\u00e9 les emp\u00eachements et les contraintes major\u00e9es. Cette crise a aussi montr\u00e9 que les droits des citoyens, y compris des personnes hospitalis\u00e9es en psychiatrie, \u00e9taient attaqu\u00e9s, toujours plus.\nLa fin provisoire de crise ne nous laisse pas de r\u00e9pit, quels que soient les lieux de soins o\u00f9 nous exer\u00e7ons &#8211; CMP, cabinets, h\u00f4pitaux. Ce gouvernement, d\u00e8s juin, a d\u00e9cid\u00e9 d&rsquo;une concertation expresse avec les acteurs de la sant\u00e9. Loin du n\u00e9cessaire \u00ab plan massif d&rsquo;investissements et de revalorisation des carri\u00e8res \u00bb, il ne s&rsquo;agit manifestement, \u00e0 l&rsquo;heure o\u00f9 nous \u00e9crivons, que \u00ab d&rsquo;acc\u00e9l\u00e9rer la mise en place des r\u00e9formes \u00bb. C&rsquo;est la mise en place de la loi \u00ab Ma sant\u00e9 2022 \u00bb avec la g\u00e9n\u00e9ralisation des partenariats publics\/priv\u00e9s qui appara\u00eet \u00eatre la feuille de route r\u00e9affirm\u00e9e du gouvernement et du ministre de la Sant\u00e9.\nNous r\u00e9affirmons \u00e0 l&rsquo;inverse que la sant\u00e9 n&rsquo;est pas et ne peut pas \u00eatre une marchandise.\nLes enjeux cruciaux pour notre discipline et pour la sant\u00e9 que nous voulons travailler lors de notre prochain congr\u00e8s s&rsquo;imposent donc :\nQuel risque pour nos pratiques de voir le mode de financement de notre discipline \u00e9voluer ?\nQuelle gouvernance peut \u00eatre partag\u00e9e avec les usagers, leurs familles, les personnels de tout statut ?\nQuels sont les enjeux actuels en p\u00e9dopsychiatrie ?\nQuelle psychiatrie voulons-nous continuer \u00e0 d\u00e9fendre ?\n\n<strong>Vendredi 11 septembre<\/strong>\n\n&#8211; 9 heures : accueil\n\n&#8211; 9 heures \u00e0 12 heures\nApr\u00e8s une introduction par Delphine Glachant, discussion pr\u00e9sid\u00e9e par Philippe Gasser sur l&rsquo;\u00e9tat actuel de la psychiatrie et les enjeux pour demain. \nEn pr\u00e9sence de Danielle Simonnet, conseill\u00e8re de Paris, Dani\u00e8le Obono  Elsa Faucillon, d\u00e9put\u00e9es et des repr\u00e9sentants des syndicats SUD et CGT.\n\n&#8211; 14 heures \u2013 16 heures\nConfinement, isolement, enfermement. Les avatars de la s\u00e9curit\u00e9 sanitaire en psychiatrie. R\u00e9union pr\u00e9sid\u00e9e par Claire Gekiere. \nEn pr\u00e9sence de Laurence Cohen, s\u00e9natrice, de Sarah Massoud, secr\u00e9taire nationale du Syndicat de la Magistrature, de Florian Borg du Syndicat des avocats de France, de Yves Gigou et Jean-Luc Landas, membre de la LDH, et de l\u2019association d\u2019usagers Humapsy.\n\n&#8211; 20 heures \u2013 22 h 30\nR\u00e9union ouverte en pr\u00e9sence du Printemps de la psychiatrie, pr\u00e9sid\u00e9e par Pierre Paresys.\nFinancement de la psychiatrie et gouvernance hospitali\u00e8re. \nEn pr\u00e9sence de Bernard Odier du Syndicat des psychiatres des h\u00f4pitaux et de Jean Vignes, infirmier de secteur.\n\n<strong>Samedi 12 septembre<\/strong>\n\n&#8211; 10 heures \u2013 12 h 30\nTransmission aux internes et place des neurosciences dans la formation et les pratiques actuelles, pr\u00e9sid\u00e9e par Delphine Glachant.\nEn pr\u00e9sence de plusieurs repr\u00e9sentants d&rsquo;internes et Patrick Landman (STOP DSM)\n\n&#8211; 14 heures \u2013 17 heures \nR\u00e9union ouverte sur la p\u00e9dopsychiatrie : crise ou effondrement, pr\u00e9sid\u00e9e par Pascale Rosenberg.\nEn pr\u00e9sence des p\u00e9dopsychiatres : \nBernard Golse, psychanalyste \nPierre Delion, psychanalyste\nPatrick Belamich, psychanalyste, directeur du CMPP de Fontainebleau et pr\u00e9sident de la FDCMPP\nAnne D\u00e9l\u00e8gue, Annecy\nMounia Terki, Essonne (USP)\n\n&#8211; 17 heures \u00e0 19 heures \nConf\u00e9rence gesticul\u00e9e par Fethi Br\u00e9tel : \u00ab Je ne suis pas l\u00e0 pour vous \u00e9couter ou la d\u00e9mission de la psychiatrie face au capitalisme \u00bb\nSuite au mouvement d\u00e9sali\u00e9niste d&rsquo;apr\u00e8s-guerre \u00e9merge en France une pratique psychiatrique humaniste, vite menac\u00e9e par le virage lib\u00e9ral des politiques publiques. Suivez le parcours d&rsquo;un psychiatre de l&rsquo;an 2000 qui, \u00e0 travers sa pratique hospitali\u00e8re, s&rsquo;est retrouv\u00e9 \u00e0 naviguer \u00e0 contre-courant du tout-cerveau, du tout-m\u00e9dicament et du tout-s\u00e9curitaire&#8230;\n\n<strong>Dimanche 13 septembre<\/strong>\n\n&#8211; 10 heures \u00e0 13 heures\n<strong>Vote des motions (ci-jointes)\n\nSont joints \u00e9galement les rapports moral et d&rsquo;activit\u00e9 pr\u00e9par\u00e9s pour le congr\u00e8s de mars 2020 qui n&rsquo;a pas pu se tenir.<\/strong>\n<h2 class=\"wp-block-heading\">Documents joints<\/h2>\n\n\n\n<div class=\"wp-block-file\"><a href=\"http:\/\/www.uspsy.fr\/wp-content\/uploads\/2020\/09\/pdf_plaquette_congres_usp_septembre_2020.pdf\">Plaquette Congr\u00e8s USP_septembre 2020.pdf<\/a><\/div>\n\n\n\n<div class=\"wp-block-file\"><a href=\"http:\/\/www.uspsy.fr\/wp-content\/uploads\/2020\/09\/pdf_motion_usp_continuite_et_developpement_des_savoirs_humanistes_dans_le_champ_du_soin_septembre_2020.pdf\">Motion USP_Continuit\u00e9 et d\u00e9veloppement des savoirs humanistes dans le champ du soin_septembre 2020<\/a><\/div>\n\n\n\n<div class=\"wp-block-file\"><a href=\"http:\/\/www.uspsy.fr\/wp-content\/uploads\/2020\/09\/pdf_motion_usp_defendre_le_soin_contre_racisme_et_discriminations_septembre_2020.pdf\">Motion USP_D\u00e9fendre le soin contre racisme et discriminations_septembre 2020.pdf<\/a><\/div>\n\n\n\n<div class=\"wp-block-file\"><a href=\"http:\/\/www.uspsy.fr\/wp-content\/uploads\/2020\/09\/pdf_motion_usp_emancipation_septembre_2020.pdf\">Motion USP_Emancipation_septembre 2020.pdf<\/a><\/div>\n\n\n\n<div class=\"wp-block-file\"><a href=\"http:\/\/www.uspsy.fr\/wp-content\/uploads\/2020\/09\/pdf_motion_usp_financement_de_la_psychiatrie_septembre_2020.pdf\">Motion USP_Financement de la psychiatrie_septembre 2020.pdf<\/a><\/div>\n\n\n\n<div class=\"wp-block-file\"><a href=\"http:\/\/www.uspsy.fr\/wp-content\/uploads\/2020\/09\/pdf_motion_usp_formation_initiale_des_psychiatres_septembre_2020.pdf\">Motion USP_Formation initiale des psychiatres_septembre 2020.pdf<\/a><\/div>\n\n\n\n<div class=\"wp-block-file\"><a href=\"http:\/\/www.uspsy.fr\/wp-content\/uploads\/2020\/09\/pdf_motion_usp_la_psychiatrie_comme_enjeu_de_societe_septembre_2020.pdf\">Motion USP_La psychiatrie comme enjeu de soci\u00e9t\u00e9_septembre 2020.pdf<\/a><\/div>\n\n\n\n<div class=\"wp-block-file\"><a href=\"http:\/\/www.uspsy.fr\/wp-content\/uploads\/2020\/09\/pdf_motion_usp_mandat_au_cn_septembre_2020.pdf\">Motion USP_Mandat au CN_septembre 2020.pdf<\/a><\/div>\n\n\n\n<div class=\"wp-block-file\"><a href=\"http:\/\/www.uspsy.fr\/wp-content\/uploads\/2020\/09\/pdf_motion_usp_non_a_la_violence_institutionnelle_septembre_2020.pdf\">Motion USP_Non \u00e0 la violence institutionnelle_septembre 2020.pdf<\/a><\/div>\n\n\n\n<div class=\"wp-block-file\"><a href=\"http:\/\/www.uspsy.fr\/wp-content\/uploads\/2020\/09\/pdf_motion_usp_pedopsychiatrie_septembre_2020.pdf\">Motion USP_P\u00e9dopsychiatrie_septembre 2020.pdf<\/a><\/div>\n\n\n\n<div class=\"wp-block-file\"><a href=\"http:\/\/www.uspsy.fr\/wp-content\/uploads\/2020\/09\/pdf_motion_usp_psychiatrie_generale_psychiatrie_fondamentale_septembre_2020.pdf\">Motion USP_psychiatrie g\u00e9n\u00e9rale, psychiatrie fondamentale_septembre 2020.pdf<\/a><\/div>\n\n\n\n<div class=\"wp-block-file\"><a href=\"http:\/\/www.uspsy.fr\/wp-content\/uploads\/2020\/09\/pdf_motion_usp_vivre_en_ehpad_septembre_2020.pdf\">Motion USP_Vivre en Ehpad_septembre 2020.pdf<\/a><\/div>\n\n\n\n<div class=\"wp-block-file\"><a href=\"http:\/\/www.uspsy.fr\/wp-content\/uploads\/2020\/09\/pdf_rapport_d_activite_usp_mars_2019-mars_2020.pdf\">Rapport d&rsquo;activit\u00e9 USP mars 2019-mars 2020.pdf<\/a><\/div>\n\n\n\n<div class=\"wp-block-file\"><a href=\"http:\/\/www.uspsy.fr\/wp-content\/uploads\/2020\/09\/pdf_rapport_moral_2019-2020_mars_2020.pdf\">Rapport moral 2019-2020_mars 2020.pdf<\/a><\/div>\n\n\n","protected":false},"excerpt":{"rendered":"<p>Le 35e congr\u00e8s de l\u2019USP, initialement pr\u00e9vu du 20 et 22 mars, annul\u00e9 en raison&hellip;<\/p>\n","protected":false},"author":1,"featured_media":0,"comment_status":"open","ping_status":"closed","sticky":false,"template":"","format":"standard","meta":{"footnotes":""},"categories":[590],"tags":[],"class_list":["post-26221","post","type-post","status-publish","format-standard","hentry","category-motions-et-congres"],"_links":{"self":[{"href":"https:\/\/www.uspsy.fr\/index.php?rest_route=\/wp\/v2\/posts\/26221","targetHints":{"allow":["GET"]}}],"collection":[{"href":"https:\/\/www.uspsy.fr\/index.php?rest_route=\/wp\/v2\/posts"}],"about":[{"href":"https:\/\/www.uspsy.fr\/index.php?rest_route=\/wp\/v2\/types\/post"}],"author":[{"embeddable":true,"href":"https:\/\/www.uspsy.fr\/index.php?rest_route=\/wp\/v2\/users\/1"}],"replies":[{"embeddable":true,"href":"https:\/\/www.uspsy.fr\/index.php?rest_route=%2Fwp%2Fv2%2Fcomments&post=26221"}],"version-history":[{"count":1,"href":"https:\/\/www.uspsy.fr\/index.php?rest_route=\/wp\/v2\/posts\/26221\/revisions"}],"predecessor-version":[{"id":26236,"href":"https:\/\/www.uspsy.fr\/index.php?rest_route=\/wp\/v2\/posts\/26221\/revisions\/26236"}],"wp:attachment":[{"href":"https:\/\/www.uspsy.fr\/index.php?rest_route=%2Fwp%2Fv2%2Fmedia&parent=26221"}],"wp:term":[{"taxonomy":"category","embeddable":true,"href":"https:\/\/www.uspsy.fr\/index.php?rest_route=%2Fwp%2Fv2%2Fcategories&post=26221"},{"taxonomy":"post_tag","embeddable":true,"href":"https:\/\/www.uspsy.fr\/index.php?rest_route=%2Fwp%2Fv2%2Ftags&post=26221"}],"curies":[{"name":"wp","href":"https:\/\/api.w.org\/{rel}","templated":true}]}}