{"id":26237,"date":"2020-05-25T13:57:23","date_gmt":"2020-05-25T11:57:23","guid":{"rendered":"https:\/\/www.uspsy.fr\/?p=26237"},"modified":"2021-06-01T22:10:18","modified_gmt":"2021-06-01T20:10:18","slug":"rappel-de-la-loi-d-adeline-hazan","status":"publish","type":"post","link":"https:\/\/www.uspsy.fr\/?p=26237","title":{"rendered":"Rappel de la loi d&rsquo;Adeline Hazan, Contr\u00f4leur G\u00e9n\u00e9ral des Lieux de Privation de Libert\u00e9 : Les libert\u00e9s fondamentales et les droits fondamentaux des personnes hospitalis\u00e9es ne doivent en aucun cas \u00eatre sacrifi\u00e9 sur l&rsquo;autel de l&rsquo;hygi\u00e9nisme"},"content":{"rendered":"Pendant cette p\u00e9riode de pand\u00e9mie Covid-19, dans certains \u00e9tablissements, le confinement sanitaire a pu se confondre avec l&rsquo;isolement psychiatrique. La diff\u00e9rence entre les deux \u00e9tant la fermeture de la porte \u00e0 cl\u00e9. Or enfermer \u00e0 cl\u00e9 des personnes psychiatris\u00e9s constitue un isolement psychiatrique encadr\u00e9 par une loi.\n\nDans le courrier ci-joint, datant de mai 2020, Adeline Hazan, Contr\u00f4leur G\u00e9n\u00e9ral des Lieux de Privation de Libert\u00e9, rappelle la loi car des logiques d&rsquo;enfermements psychiatriques sans contr\u00f4le ont pu surgir, sans contr\u00f4le, sous pr\u00e9texte de confinement.\n\nLes libert\u00e9s fondamentales et les droits fondamentaux des personnes hospitalis\u00e9es ne doivent en aucun cas \u00eatre sacrifi\u00e9 sur l&rsquo;autel de l&rsquo;hygi\u00e9nisme.\n\n<h2 class=\"wp-block-heading\">Documents joints<\/h2>\n\n\n\n<div class=\"wp-block-file\"><a href=\"http:\/\/www.uspsy.fr\/wp-content\/uploads\/2020\/05\/pdf_courrier_cglpl.pdf\">Courrier CGLPL.pdf<\/a><\/div>\n\n\n","protected":false},"excerpt":{"rendered":"<p>Pendant cette p\u00e9riode de pand\u00e9mie Covid-19, dans certains \u00e9tablissements, le confinement sanitaire a pu se&hellip;<\/p>\n","protected":false},"author":1,"featured_media":0,"comment_status":"open","ping_status":"closed","sticky":false,"template":"","format":"standard","meta":{"footnotes":""},"categories":[600],"tags":[],"class_list":["post-26237","post","type-post","status-publish","format-standard","hentry","category-contraintes-et-liberte"],"_links":{"self":[{"href":"https:\/\/www.uspsy.fr\/index.php?rest_route=\/wp\/v2\/posts\/26237","targetHints":{"allow":["GET"]}}],"collection":[{"href":"https:\/\/www.uspsy.fr\/index.php?rest_route=\/wp\/v2\/posts"}],"about":[{"href":"https:\/\/www.uspsy.fr\/index.php?rest_route=\/wp\/v2\/types\/post"}],"author":[{"embeddable":true,"href":"https:\/\/www.uspsy.fr\/index.php?rest_route=\/wp\/v2\/users\/1"}],"replies":[{"embeddable":true,"href":"https:\/\/www.uspsy.fr\/index.php?rest_route=%2Fwp%2Fv2%2Fcomments&post=26237"}],"version-history":[{"count":1,"href":"https:\/\/www.uspsy.fr\/index.php?rest_route=\/wp\/v2\/posts\/26237\/revisions"}],"predecessor-version":[{"id":26239,"href":"https:\/\/www.uspsy.fr\/index.php?rest_route=\/wp\/v2\/posts\/26237\/revisions\/26239"}],"wp:attachment":[{"href":"https:\/\/www.uspsy.fr\/index.php?rest_route=%2Fwp%2Fv2%2Fmedia&parent=26237"}],"wp:term":[{"taxonomy":"category","embeddable":true,"href":"https:\/\/www.uspsy.fr\/index.php?rest_route=%2Fwp%2Fv2%2Fcategories&post=26237"},{"taxonomy":"post_tag","embeddable":true,"href":"https:\/\/www.uspsy.fr\/index.php?rest_route=%2Fwp%2Fv2%2Ftags&post=26237"}],"curies":[{"name":"wp","href":"https:\/\/api.w.org\/{rel}","templated":true}]}}