{"id":26267,"date":"2020-07-13T10:59:15","date_gmt":"2020-07-13T08:59:15","guid":{"rendered":"https:\/\/www.uspsy.fr\/?p=26267"},"modified":"2021-06-01T22:10:36","modified_gmt":"2021-06-01T20:10:36","slug":"appel-pour-le-14-juillet-2020-le","status":"publish","type":"post","link":"https:\/\/www.uspsy.fr\/?p=26267","title":{"rendered":"Appel pour le 14 juillet 2020 : Le beau casting ou les pompiers pyromanes"},"content":{"rendered":"Comme le 16 et le 30 juin (<a href=\"https:\/\/www.uspsy.fr\/Preavis-de-greve-nationale-le-16.html\">appel de gr\u00e8ve national pour le 16 juin<\/a>), l\u2019Union Syndicale de la Psychiatrie (USP) appelle \u00e0 d\u00e9filer le 14 juillet avec la population et les autres organisations et collectifs parties prenantes du <a href=\"https:\/\/www.uspsy.fr\/Tract-unitaire-Ensemble-pour-que.html\">communiqu\u00e9 unitaire<\/a>.\n\nL\u2019USP est membre d\u2019APH et est un des membres fondateurs du mouvement <a href=\"https:\/\/printempsdelapsychiatrie.org\/\">Printemps de la Psychiatrie<\/a> pour un renouveau des soins psychiques et contre les violences institutionnelles.\n\nLes pseudo-concertations du S\u00e9gur se sont r\u00e9v\u00e9l\u00e9es telles que nous le pr\u00e9sagions : une grande entourloupe. Le pr\u00e9sident Macron n\u2019avait en rien l\u2019intention de changer de paradigme. Ce S\u00e9gur a juste \u00e9t\u00e9 l\u2019occasion pour le gouvernement d\u2019aller plus loin dans sa transformation h\u00f4pital\/entreprise et la bascule public\/priv\u00e9. Rien de nouveau pour en finir avec la T2A. Rien de mirifique dans la nouvelle gouvernance qui nous puisse nous laisser esp\u00e9rer une v\u00e9ritable d\u00e9mocratie sanitaire \u00e0 l\u2019h\u00f4pital public.\n\n<strong>L\u2019USP REJETTE CE PROTOCOLE D\u2019ACCORD DU SEGUR.\n\nL&rsquo;<a href=\"https:\/\/www.uspsy.fr\/Communique-APH-JM-du-11-juillet.html\">APH<\/a> NE LE SIGNE PAS !<\/strong>\n\nSi les syndicats ont pu obtenir des augmentations de salaires, largement inf\u00e9rieures \u00e0 celles attendues, c\u2019est gr\u00e2ce au courage et la pugnacit\u00e9 des personnels de sant\u00e9, syndiqu\u00e9s ou en collectifs, en lutte depuis deux ans et qu\u2019il faut saluer.\n\nL\u2019USP porte toujours les revendications concernant les augmentations de salaire d\u2019au moins 300 euros pour tous de suite, et non pas 183 euros sur deux ans avec flexibilit\u00e9, un recrutement massif, au moins le rattrapage de la mise en place des 35 heures (11 %, un financement net, sans contrepartie contractuelle d\u2019int\u00e9ressement, de fragilisation statutaire, visant \u00e0 imposer restructuration, privatisation ou revente aux usuriers des pseudo partenariats public-priv\u00e9.\n\nL\u2019arnaque du S\u00e9gur se confirme et les principaux coupables de la catastrophe pour le service public hospitalier sont maintenant au gouvernement, notamment M. Castex et Mme Bachelot. Rien ne va changer, au contraire !\n\n<strong>LE BEAU CASTING OU LES POMPIERS PYROMANES ?<\/strong>\n\nEn 2006, M. Castex d\u00e9fendait la T2A dans le cadre d\u2019H\u00f4pital 2007 produit par Xavier Bertrand, ministre de la Sant\u00e9, projet confort\u00e9 et aggrav\u00e9 par Roseline Bachelot avec la loi HPST. Ensemble qui a produit l\u2019h\u00f4pital entreprise, le productivisme, la perte de sens, l\u2019orientation des soins par les directeurs et les comptables.\n\nAppliqu\u00e9e par ces deux-l\u00e0 \u00e0 la culture, ce sera : le choix des acteurs et de la mise en sc\u00e8ne par les entreprises, les financiers et les comptables, la r\u00e9duction de la dur\u00e9e des repr\u00e9sentations ou concerts pour faire plus de repr\u00e9sentations, la baisse du nombre de musiciens, le remplacement des blanches par des noires ou des croches pour aller plus vite moins cher et produire plus&#8230;\n\n<strong>Il NE FAUT RIEN LACHER !<\/strong>\n\nL\u2019enveloppe pour l\u2019h\u00f4pital ne doit pas \u00eatre financ\u00e9e par les pauvres, les malades, les ch\u00f4meurs, les vieux, les retrait\u00e9s actuels ou futurs.\n\nL\u2019USP souhaite notamment, pour la psychiatrie de secteur et pour la sant\u00e9 d\u2019une fa\u00e7on g\u00e9n\u00e9rale, en revenir au service public (et non \u00e0 l\u2019h\u00f4pital entreprise o\u00f9 nous ne sommes que des prestataires de service) par :\n&#8211; la suppression de toute r\u00e9f\u00e9rence au march\u00e9, \u00e0 la comp\u00e9tition entre secteurs, entre p\u00f4les, entre \u00e9tablissements dans la gouvernance,\n&#8211; les praticiens et les chefs de service doivent \u00eatre nomm\u00e9s au niveau minist\u00e9riel pour limiter les embrouilles locales et le management toxique,\n&#8211; la suppression de toute r\u00e9f\u00e9rence \u00e0 l\u2019activit\u00e9 (pas m\u00eame 0,1 %) pour une dotation qui doit se faire \u00ab \u00e0 l\u2019habitant \u00bb comme nous l\u2019avons d\u00e9fendu \u00e0 <a href=\"https:\/\/www.uspsy.fr\/Compte-rendu-de-l-audition-de-l-2471.html\">l\u2019Assembl\u00e9e<\/a>,\n&#8211; la suppression de la notion d\u2019efficience, de bench marking et de ce qu\u2019elles sous-tendent, de tout projet d\u2019int\u00e9ressement,\n&#8211; le r\u00e9tablissement de l\u2019\u00e9galit\u00e9 d\u2019acc\u00e8s aux soins, la suppression de tous les restes \u00e0 charge, le 100 % S\u00e9curit\u00e9 sociale et la reconversion vers les soins de toute la bureaucratie gestionnaire et comptable (li\u00e9 \u00e0 la T2A), qui a g\u00e9n\u00e9r\u00e9 un surco\u00fbt consid\u00e9rable pour faire moins bien.\nAucune once de l\u2019attention port\u00e9e au patient ne doit \u00eatre d\u00e9tourn\u00e9e, parasit\u00e9e par ces m\u00e9canismes.\n\nNous exigeons de fait un <a href=\"https:\/\/www.mesopinions.com\/petition\/sante\/omerta-generalisee-refusons-politique-peur\/66880\">statut solide<\/a>, protecteur et r\u00e9gulateur, qui doit permettre la r\u00e9sistance \u00e0 des pratiques impos\u00e9es, inadapt\u00e9es, format\u00e9es, standardis\u00e9es.\nIl doit permettre de prot\u00e9ger le pouvoir d\u2019alerte des collectifs, des personnels de terrain et interdire la r\u00e9pression telle qu\u2019elle s\u2019est g\u00e9n\u00e9ralis\u00e9e, comme au <a href=\"https:\/\/www.uspsy.fr\/STOP-a-la-repression-des-soignants.html\">Rouvray<\/a>.\n\nNous exigeons la d\u00e9fense de la S\u00e9curit\u00e9 sociale comme bien commun, son financement, un fonctionnement d\u00e9mocratique totalement d\u00e9tach\u00e9 de la tutelle de Bercy.\n\nLes revendications de notre pr\u00e9c\u00e9dent pr\u00e9avis et l\u2019appel qui a suivi \u00ab pour une convergence des luttes \u00bb restent plus que jamais d\u2019actualit\u00e9.\n\n<strong>IL FAUT QUE CELA CESSE !\n\nDEFILONS TOUS LE 14 JUILLET POUR LES EMP\u00caCHER DE NUIRE<\/strong>\n\n\u00c0 la mesure du danger, l\u2019USP renouvellera son appel \u00e0 soutenir toute lutte ou mouvement non violent et non fascisant permettant de mettre fin \u00e0 cette politique et il est \u00e9vident que nous rejoindrons et appelons \u00e0 rejoindre f\u00e9d\u00e9rations et conf\u00e9d\u00e9rations dans leurs combats.\n\nPierre Paresys, vice-pr\u00e9sident\nDelphine Glachant, pr\u00e9sidente\n\n<h2 class=\"wp-block-heading\">Documents joints<\/h2>\n\n\n\n<div class=\"wp-block-file\"><a href=\"http:\/\/www.uspsy.fr\/wp-content\/uploads\/2020\/07\/pdf_communique_de_l_usp_appel_pour_le_14_juillet_2020.pdf\">Communiqu\u00e9 de l&rsquo;USP_Appel pour le 14 juillet 2020.pdf<\/a><\/div>\n\n\n","protected":false},"excerpt":{"rendered":"<p>Comme le 16 et le 30 juin (appel de gr\u00e8ve national pour le 16 juin),&hellip;<\/p>\n","protected":false},"author":1,"featured_media":0,"comment_status":"open","ping_status":"closed","sticky":false,"template":"","format":"standard","meta":{"footnotes":""},"categories":[591],"tags":[],"class_list":["post-26267","post","type-post","status-publish","format-standard","hentry","category-communiques-de-presse"],"_links":{"self":[{"href":"https:\/\/www.uspsy.fr\/index.php?rest_route=\/wp\/v2\/posts\/26267","targetHints":{"allow":["GET"]}}],"collection":[{"href":"https:\/\/www.uspsy.fr\/index.php?rest_route=\/wp\/v2\/posts"}],"about":[{"href":"https:\/\/www.uspsy.fr\/index.php?rest_route=\/wp\/v2\/types\/post"}],"author":[{"embeddable":true,"href":"https:\/\/www.uspsy.fr\/index.php?rest_route=\/wp\/v2\/users\/1"}],"replies":[{"embeddable":true,"href":"https:\/\/www.uspsy.fr\/index.php?rest_route=%2Fwp%2Fv2%2Fcomments&post=26267"}],"version-history":[{"count":1,"href":"https:\/\/www.uspsy.fr\/index.php?rest_route=\/wp\/v2\/posts\/26267\/revisions"}],"predecessor-version":[{"id":26269,"href":"https:\/\/www.uspsy.fr\/index.php?rest_route=\/wp\/v2\/posts\/26267\/revisions\/26269"}],"wp:attachment":[{"href":"https:\/\/www.uspsy.fr\/index.php?rest_route=%2Fwp%2Fv2%2Fmedia&parent=26267"}],"wp:term":[{"taxonomy":"category","embeddable":true,"href":"https:\/\/www.uspsy.fr\/index.php?rest_route=%2Fwp%2Fv2%2Fcategories&post=26267"},{"taxonomy":"post_tag","embeddable":true,"href":"https:\/\/www.uspsy.fr\/index.php?rest_route=%2Fwp%2Fv2%2Ftags&post=26267"}],"curies":[{"name":"wp","href":"https:\/\/api.w.org\/{rel}","templated":true}]}}