{"id":26312,"date":"2020-10-23T09:14:39","date_gmt":"2020-10-23T07:14:39","guid":{"rendered":"https:\/\/www.uspsy.fr\/?p=26312"},"modified":"2021-06-01T22:11:05","modified_gmt":"2021-06-01T20:11:05","slug":"aph-revient-dans-le-segur-l-usp-aussi","status":"publish","type":"post","link":"https:\/\/www.uspsy.fr\/?p=26312","title":{"rendered":"APH revient dans le S\u00e9gur, l&rsquo;USP aussi !"},"content":{"rendered":"<p>En fin de S\u00e9gur, le gouvernement, par l\u2019interm\u00e9diaire d\u2019Olivier V\u00e9ran, a brutalement exclu des n\u00e9gociations les deux intersyndicales Jeunes M\u00e9decins et Action Praticien Hospitalier, dont fait partie l\u2019USP. Or JM et APH ont \u00e9t\u00e9 majoritaires pour la repr\u00e9sentation des praticiens hospitaliers aux derni\u00e8res \u00e9lections professionnelles de 2019.<br \/>\nJM et APH ont refus\u00e9 de signer un protocole qui selon eux ne r\u00e9pondaient pas de fa\u00e7on pertinente et adapt\u00e9e aux difficult\u00e9s soulev\u00e9es par les personnels hospitaliers depuis plusieurs ann\u00e9es.<br \/>\nNon contents de cette man\u0153uvre grossi\u00e8re avec les trois autres intersyndicales de m\u00e9decins hospitaliers, le gouvernement a exclu JM et APH du comit\u00e9 de suivi des d\u00e9cisions du S\u00e9gur. Or ce comit\u00e9 a pour objectifs, non seulement le suivi des d\u00e9cisions du S\u00e9gur, mais \u00e9galement d\u2019autres sujets statutaires qui ne sont pas trait\u00e9s par l\u2019accord, pour lesquels pour lesquels Jeunes M\u00e9decins et Action Praticien Hospitalier sont consid\u00e9r\u00e9s comme repr\u00e9sentatifs des praticiens hospitaliers.<br \/>\nCes deux intersyndicales ne peuvent exclues des n\u00e9gociations collectives. C\u2019est ill\u00e9gal !<br \/>\nUn recours devant le conseil d\u2019Etat a donc \u00e9t\u00e9 d\u00e9pos\u00e9 par JM et APH.<br \/>\nLe 19 octobre le conseil d\u2019Etat a donn\u00e9 raison \u00e0 JM et APH pour les r\u00e9int\u00e9grer au comit\u00e9 de suivi du S\u00e9gur de la sant\u00e9.<br \/>\nL\u2019USP demande que soit rediscut\u00e9 en priorit\u00e9 et en profondeur la gouvernance hospitali\u00e8re.<br \/>\nL\u2019USP demande aussi de fa\u00e7on imm\u00e9diate un moratoire sur la r\u00e9forme du financement de la psychiatrie, pr\u00e9vue pour entrer en application le 1er janvier 2021. Cette r\u00e9forme a pr\u00e9vu d\u2019introduire une dotation de 15 % li\u00e9e \u00e0 l\u2019activit\u00e9, privil\u00e9giant des prises en charge courtes, tant en ambulatoire qu\u2019en hospitalisation, ainsi que de nombreuses dotations li\u00e9es \u00e0 des prises en charges sp\u00e9cifiques \u00e0 caract\u00e8re s\u00e9curitaire et des projets dits innovants.<br \/>\nL\u2019USP d\u00e9nonce les pirouettes budg\u00e9taires qui permettent de poursuivre la casse du service public de sant\u00e9.<\/p>\n<p><strong>Communiqu\u00e9 APH et JM du 20 octobre 2020<\/strong><br \/>\n<img loading=\"lazy\" decoding=\"async\" class=\" aligncenter size-full wp-image-26310\" src=\"http:\/\/www.uspsy.fr\/wp-content\/uploads\/2020\/10\/jpg_en-tete_aph.jpg\" alt=\"en-tete_aph.jpg\" align=\"center\" width=\"400\" height=\"228\" srcset=\"https:\/\/www.uspsy.fr\/wp-content\/uploads\/2020\/10\/jpg_en-tete_aph.jpg 400w, https:\/\/www.uspsy.fr\/wp-content\/uploads\/2020\/10\/jpg_en-tete_aph-300x171.jpg 300w, https:\/\/www.uspsy.fr\/wp-content\/uploads\/2020\/10\/jpg_en-tete_aph-370x211.jpg 370w\" sizes=\"auto, (max-width: 400px) 100vw, 400px\" \/><br \/>\n<img loading=\"lazy\" decoding=\"async\" class=\" aligncenter size-full wp-image-26311\" src=\"http:\/\/www.uspsy.fr\/wp-content\/uploads\/2020\/10\/jpg_en-etre_syndicats.jpg\" alt=\"en-etre_syndicats.jpg\" align=\"center\" width=\"446\" height=\"168\" srcset=\"https:\/\/www.uspsy.fr\/wp-content\/uploads\/2020\/10\/jpg_en-etre_syndicats.jpg 446w, https:\/\/www.uspsy.fr\/wp-content\/uploads\/2020\/10\/jpg_en-etre_syndicats-300x113.jpg 300w, https:\/\/www.uspsy.fr\/wp-content\/uploads\/2020\/10\/jpg_en-etre_syndicats-370x139.jpg 370w\" sizes=\"auto, (max-width: 446px) 100vw, 446px\" \/><\/p>\n<p>Le Conseil d&rsquo;\u00c9tat donne raison \u00e0 Action Praticiens H\u00f4pital et Jeunes M\u00e9decins sur le r\u00e9f\u00e9r\u00e9 S\u00e9gur concernant l&rsquo;espace de n\u00e9gociation duquel ils avaient \u00e9t\u00e9 arbitrairement exclus. <\/p>\n<p>Le lundi 19 octobre 2020, le Conseil d\u2019\u00c9tat vient de rendre son verdict et condamne le minist\u00e8re de la sant\u00e9 \u00e0 r\u00e9int\u00e9grer Action Praticiens H\u00f4pital et Jeunes M\u00e9decins au comit\u00e9 de suivi du S\u00e9gur de la sant\u00e9.<br \/>\nC\u2019est la deuxi\u00e8me condamnation du Conseil d\u2019\u00c9tat pour atteinte au droit syndical en 3 mois.<\/p>\n<p>APH, union des intersyndicales Avenir Hospitalier et de la Conf\u00e9d\u00e9ration Praticiens H\u00f4pital, demande la r\u00e9ouverture des n\u00e9gociations, sous une forme que nous esp\u00e9rons plus apais\u00e9e et plus constructive, pour que l\u2019h\u00f4pital public retrouve sa juste place dans notre syst\u00e8me de soin.<\/p>\n<p>APH va poursuivre son travail pour que soient reconnus, entre autres :<br \/>\n\u2022\tLa dur\u00e9e du temps de travail des praticiens hospitaliers,<br \/>\n\u2022\tLa p\u00e9nibilit\u00e9 de la permanence des soins (gardes et astreintes) avec une r\u00e9tribution plus cons\u00e9quente,<br \/>\n\u2022\tUne gouvernance plus \u00e9quilibr\u00e9e,<br \/>\n\u2022\tUn ONDAM hospitalier \u00e0 la hauteur des missions de soins confi\u00e9es \u00e0 l&rsquo;h\u00f4pital public en int\u00e9grant les particularit\u00e9s de l&rsquo;Outre-Mer. <\/p>\n<p>Voici un extrait du jugement : \u00ab d\u00e8s lors que les r\u00e9unions de ces groupes de travail doivent \u00eatre regard\u00e9es comme comportant des n\u00e9gociations ouvertes par les autorit\u00e9s comp\u00e9tentes au niveau national auxquelles les syndicats requ\u00e9rants doivent \u00eatre appel\u00e9s \u00e0 participer en application des dispositions de l&rsquo;article L. 6156-2 du m\u00eame code, l&rsquo;absence de convocation des requ\u00e9rants \u00e0 ces r\u00e9unions porte une atteinte grave et manifestement ill\u00e9gale \u00e0 leur libert\u00e9 syndicale, laquelle pr\u00e9sente le caract\u00e8re d&rsquo;une libert\u00e9 syndicale, laquelle pr\u00e9sente le caract\u00e8re d\u2019une libert\u00e9 fondamentale au sens de l&rsquo;article L. 521-2 du code de justice administrative. \u00bb<\/p>\n<p>Jean-Fran\u00e7ois Cibien<br \/>\nPr\u00e9sident AH<br \/>\nPr\u00e9sident APH<br \/>\n0607197983                     <\/p>\n<p>Carole Poupon<br \/>\nPr\u00e9sidente CPH<br \/>\nVice-pr\u00e9sidente APH<br \/>\n0676365667                     <\/p>\n<div id='gallery-1' class='gallery galleryid-26312 gallery-columns-3 gallery-size-thumbnail'><figure class='gallery-item'>\n\t\t\t<div class='gallery-icon landscape'>\n\t\t\t\t<a title=\"en-tete_aph.jpg\" href='https:\/\/www.uspsy.fr\/wp-content\/uploads\/2020\/10\/jpg_en-tete_aph.jpg'><img loading=\"lazy\" decoding=\"async\" width=\"150\" height=\"150\" src=\"https:\/\/www.uspsy.fr\/wp-content\/uploads\/2020\/10\/jpg_en-tete_aph-150x150.jpg\" class=\"attachment-thumbnail size-thumbnail\" alt=\"en-tete_aph.jpg\" \/><\/a>\n\t\t\t<\/div><\/figure><figure class='gallery-item'>\n\t\t\t<div class='gallery-icon landscape'>\n\t\t\t\t<a title=\"en-etre_syndicats.jpg\" href='https:\/\/www.uspsy.fr\/wp-content\/uploads\/2020\/10\/jpg_en-etre_syndicats.jpg'><img loading=\"lazy\" decoding=\"async\" width=\"150\" height=\"150\" src=\"https:\/\/www.uspsy.fr\/wp-content\/uploads\/2020\/10\/jpg_en-etre_syndicats-150x150.jpg\" class=\"attachment-thumbnail size-thumbnail\" alt=\"en-etre_syndicats.jpg\" \/><\/a>\n\t\t\t<\/div><\/figure>\n\t\t<\/div>\n\n","protected":false},"excerpt":{"rendered":"<p>En fin de S\u00e9gur, le gouvernement, par l\u2019interm\u00e9diaire d\u2019Olivier V\u00e9ran, a brutalement exclu des n\u00e9gociations&hellip;<\/p>\n","protected":false},"author":1,"featured_media":26310,"comment_status":"open","ping_status":"closed","sticky":false,"template":"","format":"standard","meta":{"footnotes":""},"categories":[598],"tags":[],"class_list":["post-26312","post","type-post","status-publish","format-standard","has-post-thumbnail","hentry","category-textes-divers"],"_links":{"self":[{"href":"https:\/\/www.uspsy.fr\/index.php?rest_route=\/wp\/v2\/posts\/26312","targetHints":{"allow":["GET"]}}],"collection":[{"href":"https:\/\/www.uspsy.fr\/index.php?rest_route=\/wp\/v2\/posts"}],"about":[{"href":"https:\/\/www.uspsy.fr\/index.php?rest_route=\/wp\/v2\/types\/post"}],"author":[{"embeddable":true,"href":"https:\/\/www.uspsy.fr\/index.php?rest_route=\/wp\/v2\/users\/1"}],"replies":[{"embeddable":true,"href":"https:\/\/www.uspsy.fr\/index.php?rest_route=%2Fwp%2Fv2%2Fcomments&post=26312"}],"version-history":[{"count":1,"href":"https:\/\/www.uspsy.fr\/index.php?rest_route=\/wp\/v2\/posts\/26312\/revisions"}],"predecessor-version":[{"id":26313,"href":"https:\/\/www.uspsy.fr\/index.php?rest_route=\/wp\/v2\/posts\/26312\/revisions\/26313"}],"wp:featuredmedia":[{"embeddable":true,"href":"https:\/\/www.uspsy.fr\/index.php?rest_route=\/wp\/v2\/media\/26310"}],"wp:attachment":[{"href":"https:\/\/www.uspsy.fr\/index.php?rest_route=%2Fwp%2Fv2%2Fmedia&parent=26312"}],"wp:term":[{"taxonomy":"category","embeddable":true,"href":"https:\/\/www.uspsy.fr\/index.php?rest_route=%2Fwp%2Fv2%2Fcategories&post=26312"},{"taxonomy":"post_tag","embeddable":true,"href":"https:\/\/www.uspsy.fr\/index.php?rest_route=%2Fwp%2Fv2%2Ftags&post=26312"}],"curies":[{"name":"wp","href":"https:\/\/api.w.org\/{rel}","templated":true}]}}