{"id":26357,"date":"2021-03-29T11:15:05","date_gmt":"2021-03-29T09:15:05","guid":{"rendered":"https:\/\/www.uspsy.fr\/?p=26357"},"modified":"2021-03-29T11:15:05","modified_gmt":"2021-03-29T09:15:05","slug":"communique-crpa-petition-pour-un-moratoire-sur-la-maltraitance-lors-d","status":"publish","type":"post","link":"https:\/\/www.uspsy.fr\/?p=26357","title":{"rendered":"Communiqu\u00e9 CRPA : P\u00e9tition pour un moratoire sur la maltraitance lors d\u2019hospitalisations psychiatriques"},"content":{"rendered":"<p><em>L&rsquo;USP soutient le CRPA dans ses prises de position.<\/em><\/p>\n<p>Mail aux 1er ministre et au ministre de la Sant\u00e9, 16 mars 2021, 15h10 et 15h25. <\/p>\n<p>Pour Monsieur le Premier Ministre.<br \/>\nPour Monsieur le Ministre des Affaires sociales et de la Sant\u00e9, <\/p>\n<p>Nous avons initi\u00e9 une p\u00e9tition dont le texte est celui de notre communiqu\u00e9 que nous avons diffus\u00e9 le 2 mars pass\u00e9 \u00e0 8h03 au Ministre de la Sant\u00e9. Par ce communiqu\u00e9 nous demandons un moratoire \u00e0 effet imm\u00e9diat sur la maltraitance quasi syst\u00e9matique que les patients hospitalis\u00e9s en psychiatrie subissent en guise de prise en charge. Par exemple et tr\u00e8s fr\u00e9quemment, cela de fa\u00e7on aberrante, les patients subissent des mises en isolement avec contention, ou des mises en isolement simples, sans que leur \u00e9tat clinique objectif l\u00e9gitime de telles mesures. <\/p>\n<p>Le CRPA dont je suis repr\u00e9sentant l\u00e9gal a \u00e9t\u00e9 intervenant devant le Conseil constitutionnel dans le cadre de la question prioritaire de constitutionnalit\u00e9 tranch\u00e9e le 19 juin 2020 qui a censur\u00e9 l&rsquo;ancien article L 3222-5-1 du code de la sant\u00e9 publique relatif \u00e0 la tra\u00e7abilit\u00e9 des pratiques d&rsquo;isolement et de contention. <\/p>\n<p>Nous avons particip\u00e9 par voie de communiqu\u00e9s, d&rsquo;analyses et de propositions de r\u00e9forme diffus\u00e9s \u00e0 vos services et \u00e0 des parlementaires, aux travaux parlementaires sur le nouvel article L 3222-5-1 du code de la sant\u00e9 publique, tel que promulgu\u00e9 dans  l&rsquo;article 84  de la loi de finance de la s\u00e9curit\u00e9 sociale 2021. <\/p>\n<p>Un d\u00e9cret doit \u00eatre pris pour que cette r\u00e9forme &#8211; qui est un pas en avant quoique nous aurions pr\u00e9f\u00e9r\u00e9 un contr\u00f4le judiciaire obligatoire de telles pratiques &#8211; soit mise \u00e0 effet. <\/p>\n<p>Notre p\u00e9tition qui vise \u00e0 ce qu&rsquo;il n&rsquo;y ait pas de moratoire de la mise \u00e0 effet de cette r\u00e9forme de l&rsquo;isolement et de la contention en psychiatrie mais bien un stop, et \u00e0 tout le moins un frein sur la maltraitance des patients hospitalis\u00e9s en psychiatrie, a tout de m\u00eame obtenu 183 signatures. <\/p>\n<p>Ces 183 signatures pour nous qui sommes passablement brocard\u00e9s, combattus, mis de c\u00f4t\u00e9, ostracis\u00e9s, moi-m\u00eame en t\u00eate (qui suis originaire de l&rsquo;immigration marocaine, de tribu juive, n\u00e9 avant la d\u00e9colonisation de mon pays d&rsquo;origine, en plus d&rsquo;\u00eatre rejet\u00e9 depuis mon enfance par les miens &#8230;) c&rsquo;est vraiment bien. <\/p>\n<p>Les personnes concern\u00e9es, les patients, sont en g\u00e9n\u00e9ral sous terreur, sous menaces de repr\u00e9sailles, isol\u00e9s et atomis\u00e9s devant des \u00e9quipes compos\u00e9es en partie de personnes syndiqu\u00e9es, regroup\u00e9es en chapelles, en \u00e9coles, en clans, parties prenantes de partis politiques, li\u00e9es aux cursus universitaires. Les patients \u00e9tant pri\u00e9s de se consid\u00e9rer comme non ma\u00eetres de leur destin, et trop fr\u00e9quemment dispens\u00e9s du devoir de faire valoir leurs int\u00e9r\u00eats ceux-ci reposant dans les mains d&rsquo; \u00e9quipes de soins qui sont trop souvent d&rsquo;esprit f\u00e9odal. <\/p>\n<p>Aussi nous avons cet honneur de vous faire parvenir le lien pointant sur cette p\u00e9tition :  http:\/\/chng.it\/NVLCYKpr58 <\/p>\n<p>Cette p\u00e9tition est publi\u00e9 sur le dernier article de notre site internet en date du 1er mars 2021 :  http:\/\/psychiatrie.crpa.asso.fr\/781 <\/p>\n<p>Veuillez agr\u00e9er, Monsieur le Premier Ministre, mes respectueuses salutations.<\/p>\n<p>CRPA &#8211; Cercle de R\u00e9flexion et de Proposition d\u2019Actions sur la psychiatrie  [1]<br \/>\nAssociation r\u00e9gie par la loi du 1er juillet 1901 | Ref. n\u00b0 : W751208044<br \/>\nPr\u00e9sident : Andr\u00e9 Bitton.<br \/>\n14, rue des Tapisseries, 75017, Paris | T\u00e9l. : 01 47 63 05 62<br \/>\nMail : crpa@crpa.asso.fr | Site internet : http:\/\/crpa.asso.fr  <\/p>\n","protected":false},"excerpt":{"rendered":"<p>L&rsquo;USP soutient le CRPA dans ses prises de position. Mail aux 1er ministre et au&hellip;<\/p>\n","protected":false},"author":1,"featured_media":0,"comment_status":"open","ping_status":"closed","sticky":false,"template":"","format":"standard","meta":{"footnotes":""},"categories":[600],"tags":[],"class_list":["post-26357","post","type-post","status-publish","format-standard","hentry","category-contraintes-et-liberte"],"_links":{"self":[{"href":"https:\/\/www.uspsy.fr\/index.php?rest_route=\/wp\/v2\/posts\/26357","targetHints":{"allow":["GET"]}}],"collection":[{"href":"https:\/\/www.uspsy.fr\/index.php?rest_route=\/wp\/v2\/posts"}],"about":[{"href":"https:\/\/www.uspsy.fr\/index.php?rest_route=\/wp\/v2\/types\/post"}],"author":[{"embeddable":true,"href":"https:\/\/www.uspsy.fr\/index.php?rest_route=\/wp\/v2\/users\/1"}],"replies":[{"embeddable":true,"href":"https:\/\/www.uspsy.fr\/index.php?rest_route=%2Fwp%2Fv2%2Fcomments&post=26357"}],"version-history":[{"count":0,"href":"https:\/\/www.uspsy.fr\/index.php?rest_route=\/wp\/v2\/posts\/26357\/revisions"}],"wp:attachment":[{"href":"https:\/\/www.uspsy.fr\/index.php?rest_route=%2Fwp%2Fv2%2Fmedia&parent=26357"}],"wp:term":[{"taxonomy":"category","embeddable":true,"href":"https:\/\/www.uspsy.fr\/index.php?rest_route=%2Fwp%2Fv2%2Fcategories&post=26357"},{"taxonomy":"post_tag","embeddable":true,"href":"https:\/\/www.uspsy.fr\/index.php?rest_route=%2Fwp%2Fv2%2Ftags&post=26357"}],"curies":[{"name":"wp","href":"https:\/\/api.w.org\/{rel}","templated":true}]}}