{"id":26503,"date":"2021-06-10T13:55:00","date_gmt":"2021-06-10T11:55:00","guid":{"rendered":"https:\/\/www.uspsy.fr\/?p=26503"},"modified":"2021-06-24T11:55:18","modified_gmt":"2021-06-24T09:55:18","slug":"36e-congres-de-lusp-a-rouen","status":"publish","type":"post","link":"https:\/\/www.uspsy.fr\/?p=26503","title":{"rendered":"36e congr\u00e8s de l\u2019USP \u00e0 Rouen sur le th\u00e8me \u00ab Les libert\u00e9s \u00bb"},"content":{"rendered":"\n<p>\u00c0 l\u2019heure de la pand\u00e9mie de Covid-19 qui n\u2019en finit pas, nous sommes toujours et sans cesse entrav\u00e9s dans nos vies : confin\u00e9s, d\u00e9confin\u00e9s, reconfin\u00e9s, masqu\u00e9s, sous couvre-feu, priv\u00e9s de relations sociales, priv\u00e9s de convivialit\u00e9, de toucher, de rencontres familiales, amicales, amoureuses.<br>Certains en paient le prix fort : les \u00e9tudiants, les jeunes, les personnes \u00e2g\u00e9es, les plus d\u00e9munis. Ces derniers sont en plus priv\u00e9s d\u2019acc\u00e8s aux soins, ont \u00e9t\u00e9 touch\u00e9s par une mortalit\u00e9 plus \u00e9lev\u00e9e que les autres et ont subi des cons\u00e9quences socio\u00e9conomiques plus marqu\u00e9es.<br>Pendant ce temps-l\u00e0, alors que le S\u00e9gur de la sant\u00e9 a \u00e9t\u00e9 une farce, la destruction des h\u00f4pitaux se poursuit, les lits continuent de fermer et en psychiatrie, les rapports tombent les uns apr\u00e8s les autres, pr\u00e9conisant d\u2019aller toujours plus loin dans l\u2019annihilation de la psychiatrie de secteur, \u00e9pousant les propositions contenues dans la r\u00e9forme du financement qui s\u2019appliquera d\u00e8s 2022.<br>L\u2019introduction d\u2019une dotation \u00e0 l\u2019activit\u00e9 va bouleverser les mani\u00e8res de travailler et laissera sur le c\u00f4t\u00e9 les patients n\u00e9cessitant des soins dans la dur\u00e9e. C\u2019est la dictature de l\u2019\u00e9conomie sur le soin qui est en marche.<br>\u00c0 cette heure, les pratiques d\u2019isolement et de contention, en augmentation croissante dans les unit\u00e9s d\u2019hospitalisation, sont l\u00e9gitimement interrog\u00e9es mais de fa\u00e7on bien cavali\u00e8re par l\u2019article 84 de la Loi de financement de la S\u00e9curit\u00e9 sociale. Nous d\u00e9battrons dans ce congr\u00e8s de ces situations de privation de libert\u00e9 et leurs cons\u00e9quences sur les patients et les professionnels.<br>Nous analyserons cet article 84 sur la contention, qui a le m\u00e9rite d\u2019introduire l\u2019autorisation du juge des Libert\u00e9s et de la D\u00e9tention sur cette pratique, mais de fa\u00e7on facultative et ne r\u00e9sout en rien sa persistance.<br>Enfin nous d\u00e9battrons de la pente autoritaire sur laquelle s\u2019est engag\u00e9e le gouvernement par ses pratiques r\u00e9pressives et les lois liberticides qui s\u2019accumulent sous couvert d\u2019\u00e9tat d\u2019urgence.<\/p>\n\n\n\n<p><em>Ce que r\u00e9v\u00e8le d\u2019ores et d\u00e9j\u00e0 cette pand\u00e9mie, c\u2019est que la sant\u00e9 gratuite sans condition de revenu, de parcours ou de profession, notre Etat-providence ne sont pas des co\u00fbts ou des charges, mais des biens pr\u00e9cieux, des atouts indispensables quand le destin frappe. Ce que r\u00e9v\u00e8le cette pand\u00e9mie, c\u2019est qu\u2019il est des biens et des services qui doivent \u00eatre plac\u00e9s en dehors des lois du march\u00e9.<\/em><br>Emmanuel Macron, 12 mars 2020<\/p>\n\n\n\n<p>Ont anim\u00e9 ce congr\u00e8s les chants suivants :<\/p>\n\n\n\n<p>Ma libert\u00e9 &#8211; Serge Reggiani : <a rel=\"noreferrer noopener\" href=\"https:\/\/www.youtube.com\/watch?v=c7xUvYADeR4\" target=\"_blank\">https:\/\/www.youtube.com\/watch?v=c7xUvYADeR4<\/a><br><br>Sans la nommer (R\u00e9volution permanente) &#8211; Georges Moustaki : <a rel=\"noreferrer noopener\" href=\"https:\/\/www.youtube.com\/watch?v=fgKEXKwpx0g\" target=\"_blank\">https:\/\/www.youtube.com\/watch?v=fgKEXKwpx0g<\/a><br><br>La libertat (<a href=\"https:\/\/www.uspsy.fr\/wp-content\/uploads\/2021\/06\/LA-LIBERTAT-chant-revolutionnaire-occitan.pdf\" data-type=\"URL\" data-id=\"https:\/\/www.uspsy.fr\/wp-content\/uploads\/2021\/06\/LA-LIBERTAT-chant-revolutionnaire-occitan.pdf\" target=\"_blank\" rel=\"noreferrer noopener\">paroles et traduction<\/a>) &#8211; chant occitan de la Commune marseillaise : <a rel=\"noreferrer noopener\" href=\"https:\/\/www.youtube.com\/watch?v=M4Dek6WLSfo\" target=\"_blank\">https:\/\/www.youtube.com\/watch?v=M4Dek6WLSfo<\/a><br><\/p>\n\n\n\n<p>PROGRAMME<\/p>\n\n\n\n<p>Vendredi 4 juin<br>\u2013 9 heures : accueil<\/p>\n\n\n\n<p>\u2013 9 heures \u00e0 12 heures<br>Apr\u00e8s une <a rel=\"noreferrer noopener\" href=\"https:\/\/www.uspsy.fr\/wp-content\/uploads\/2021\/06\/Delphine-Glachant_Introduction-au-36e-congres-de-lUSP.pdf\" data-type=\"URL\" data-id=\"https:\/\/www.uspsy.fr\/wp-content\/uploads\/2021\/06\/Delphine-Glachant_Introduction-au-36e-congres-de-lUSP.pdf\" target=\"_blank\">introduction par Delphine Glachant<\/a>, discussion sur l\u2019\u00e9tat des lieux des piquets de gr\u00e8ve trois ans apr\u00e8s les actions de 2018.<br>Pr\u00e9sid\u00e9e par Fethi Bretel<br>Invit\u00e9s : Les gr\u00e9vistes du Rouvray, du Havre, de la Psychiatrie Parisienne Unifi\u00e9e, d\u2019Amiens.<br>En pr\u00e9sence des syndicats SUD et CGT<\/p>\n\n\n\n<p>\u2013 14 heures \u2013 16 heures<br>Contention et isolement : quel v\u00e9cu ? Professionnels de la psychiatrie et usagers s\u2019expriment.<br>Pr\u00e9sid\u00e9 par Pierre Paresys<br>Invit\u00e9s : Humapsy, Advocacy, le Fil Conducteur Psy ; <a href=\"https:\/\/www.uspsy.fr\/wp-content\/uploads\/2021\/06\/Philippe-Laville-LDH_Libertes-contention-et-isolement_Congres-de-lUSP-2021-a-Rouen.pdf\" data-type=\"URL\" data-id=\"https:\/\/www.uspsy.fr\/wp-content\/uploads\/2021\/06\/Philippe-Laville-LDH_Libertes-contention-et-isolement_Congres-de-lUSP-2021-a-Rouen.pdf\" target=\"_blank\" rel=\"noreferrer noopener\">intervention de Philippe Laville (LDH)<\/a> et les gr\u00e9vistes de 2018.<\/p>\n\n\n\n<p>\u2013 20 heures \u2013 22 h 30<br>\u00ab Et si on inventait une vraie d\u00e9mocratie sanitaire ? \u00bb R\u00e9union ouverte <\/p>\n\n\n\n<p><a href=\"https:\/\/www.uspsy.fr\/wp-content\/uploads\/2021\/06\/Sandrine-Deloche_Et-si-on-inventait-une-vraie-democratie-sanitaire-_Congres-de-lUSP-2021-a-Rouen.pdf\" data-type=\"URL\" data-id=\"https:\/\/www.uspsy.fr\/wp-content\/uploads\/2021\/06\/Sandrine-Deloche_Et-si-on-inventait-une-vraie-democratie-sanitaire-_Congres-de-lUSP-2021-a-Rouen.pdf\" target=\"_blank\" rel=\"noreferrer noopener\">Intervention de Sandrine Deloche<\/a>, p\u00e9dopsychiatre et Evelyne Sire-Marin, magistrate.<br>Pr\u00e9sid\u00e9e par Pascal Boissel<\/p>\n\n\n\n<p>Samedi 5 juin<br>\u2013 10 heures \u2013 12 h 30<br>Article 84 de la LFSS<br><a href=\"https:\/\/www.uspsy.fr\/wp-content\/uploads\/2021\/06\/Claire-Gekiere_intro-au-debat-sur-larticle-84_Congres-de-lUSP-2021-a-Rouen.pdf\" data-type=\"URL\" data-id=\"https:\/\/www.uspsy.fr\/wp-content\/uploads\/2021\/06\/Claire-Gekiere_intro-au-debat-sur-larticle-84_Congres-de-lUSP-2021-a-Rouen.pdf\" target=\"_blank\" rel=\"noreferrer noopener\">Introduction par Claire Gekiere<\/a><br>Invit\u00e9s : Jean Vignes (NSED), Le Fil conducteur Psy<\/p>\n\n\n\n<p>\u2013 14 h 00\u2013 17 heures<br>L\u2019irresponsabilit\u00e9 p\u00e9nale<\/p>\n\n\n\n<p><a rel=\"noreferrer noopener\" href=\"https:\/\/www.uspsy.fr\/wp-content\/uploads\/2021\/06\/Jean-Pierre-Martin_Introduction-au-debat-sur-la-penalisation_Congres-de-lUSP-2021-a-Rouen.pdf\" data-type=\"URL\" data-id=\"https:\/\/www.uspsy.fr\/wp-content\/uploads\/2021\/06\/Jean-Pierre-Martin_Introduction-au-debat-sur-la-penalisation_Congres-de-lUSP-2021-a-Rouen.pdf\" target=\"_blank\">Introduction par Jean-Pierre Martin<\/a><br><a rel=\"noreferrer noopener\" href=\"https:\/\/www.uspsy.fr\/wp-content\/uploads\/2021\/06\/Sarah-Massoud_Observations-du-SM-devant-la-commission-relative-a-lirresponsabilite-penale_Congres-de-lUSP-2021-a-Rouen.pdf\" data-type=\"URL\" data-id=\"https:\/\/www.uspsy.fr\/wp-content\/uploads\/2021\/06\/Sarah-Massoud_Observations-du-SM-devant-la-commission-relative-a-lirresponsabilite-penale_Congres-de-lUSP-2021-a-Rouen.pdf\" target=\"_blank\">Intervention de Sarah Massoud<\/a>, secr\u00e9taire nationale du Syndicat de la magistrature<\/p>\n\n\n\n<p>17 heures<br>Hommage \u00e0 Alain Chabert<\/p>\n\n\n\n<p>Dimanche 6 juin<br>10 heures \u00e0 13 heures<br>Vote des motions<\/p>\n\n\n\n<p>Lieu du congr\u00e8s :<br>Espace du Moineau-Centre Dioc\u00e9sain<br>41 route de Neufch\u00e2tel -76044 ROUEN<\/p>\n\n\n\n<p><a rel=\"noreferrer noopener\" href=\"http:\/\/www.uspsy.fr\/wp-content\/uploads\/2021\/05\/Plaquette-Congres-USP-juin-2021.pdf\" target=\"_blank\">T\u00e9l\u00e9charger le programme en PDF<\/a><\/p>\n\n\n\n<p><a rel=\"noreferrer noopener\" href=\"https:\/\/www.uspsy.fr\/wp-content\/uploads\/2021\/06\/Motion-USP_Vent-debout-contre-assises-couchees.pdf\" data-type=\"URL\" data-id=\"https:\/\/www.uspsy.fr\/wp-content\/uploads\/2021\/06\/Motion-USP_Vent-debout-contre-assises-couchees.pdf\" target=\"_blank\">Motion Vent debout contre Assises couch\u00e9es<\/a><\/p>\n\n\n\n<p><a href=\"https:\/\/www.uspsy.fr\/wp-content\/uploads\/2021\/06\/Motion-USP_Soutien-aux-mobilises-de-la-psychiatrie.pdf\" data-type=\"URL\" data-id=\"https:\/\/www.uspsy.fr\/wp-content\/uploads\/2021\/06\/Motion-USP_Soutien-aux-mobilises-de-la-psychiatrie.pdf\" target=\"_blank\" rel=\"noreferrer noopener\">Motion Soutien aux mobilis\u00e9s de la psychiatrie<\/a><\/p>\n\n\n\n<p><a href=\"https:\/\/www.uspsy.fr\/wp-content\/uploads\/2021\/06\/Motion-USP_Peril-imminent.pdf\" data-type=\"URL\" data-id=\"https:\/\/www.uspsy.fr\/wp-content\/uploads\/2021\/06\/Motion-USP_Peril-imminent.pdf\">Motion P\u00e9ril<\/a><a href=\"https:\/\/www.uspsy.fr\/wp-content\/uploads\/2021\/06\/Motion-USP_Peril-imminent.pdf\" data-type=\"URL\" data-id=\"https:\/\/www.uspsy.fr\/wp-content\/uploads\/2021\/06\/Motion-USP_Peril-imminent.pdf\" target=\"_blank\" rel=\"noreferrer noopener\"> imminent<\/a><\/p>\n\n\n\n<p><a href=\"https:\/\/www.uspsy.fr\/wp-content\/uploads\/2021\/06\/Motion-USP_Panne-de-secteur.pdf\" data-type=\"URL\" data-id=\"https:\/\/www.uspsy.fr\/wp-content\/uploads\/2021\/06\/Motion-USP_Panne-de-secteur.pdf\" target=\"_blank\" rel=\"noreferrer noopener\">Motion Panne de secteur<\/a><\/p>\n\n\n\n<p><a href=\"https:\/\/www.uspsy.fr\/wp-content\/uploads\/2021\/06\/Motion-USP_Non-a-une-psychiatrie-dEtat.pdf\" data-type=\"URL\" data-id=\"https:\/\/www.uspsy.fr\/wp-content\/uploads\/2021\/06\/Motion-USP_Non-a-une-psychiatrie-dEtat.pdf\" target=\"_blank\" rel=\"noreferrer noopener\">Motion Non \u00e0 une psychiatrie d&rsquo;Etat<\/a><\/p>\n\n\n\n<p><a href=\"https:\/\/www.uspsy.fr\/wp-content\/uploads\/2021\/06\/Motion-USP_Inclusion-ou-exclusion.pdf\" data-type=\"URL\" data-id=\"https:\/\/www.uspsy.fr\/wp-content\/uploads\/2021\/06\/Motion-USP_Inclusion-ou-exclusion.pdf\" target=\"_blank\" rel=\"noreferrer noopener\">Motion Inclusion ou Exclusion<\/a><\/p>\n\n\n\n<p><a href=\"https:\/\/www.uspsy.fr\/wp-content\/uploads\/2021\/06\/Motion-USP_Financement-et-destruction-de-la-psychiatrie.pdf\" data-type=\"URL\" data-id=\"https:\/\/www.uspsy.fr\/wp-content\/uploads\/2021\/06\/Motion-USP_Financement-et-destruction-de-la-psychiatrie.pdf\" target=\"_blank\" rel=\"noreferrer noopener\">Motion Financement et destruction de la psychiatrie<\/a><\/p>\n\n\n\n<p><a href=\"https:\/\/www.uspsy.fr\/wp-content\/uploads\/2021\/06\/Motion-USP_Controler-lisolement-et-abolir-la-contention.pdf\" data-type=\"URL\" data-id=\"https:\/\/www.uspsy.fr\/wp-content\/uploads\/2021\/06\/Motion-USP_Controler-lisolement-et-abolir-la-contention.pdf\" target=\"_blank\" rel=\"noreferrer noopener\">Motion Contr\u00f4ler l&rsquo;isolement et abolir la contention<\/a><\/p>\n\n\n\n<p><a rel=\"noreferrer noopener\" href=\"https:\/\/www.uspsy.fr\/wp-content\/uploads\/2021\/06\/Motion-USP_Allons-y-loi-cadre-pour-la-psychiatrie.pdf\" data-type=\"URL\" data-id=\"https:\/\/www.uspsy.fr\/wp-content\/uploads\/2021\/06\/Motion-USP_Allons-y-loi-cadre-pour-la-psychiatrie.pdf\" target=\"_blank\">Motion Allons-y &#8211; loi cadre pour la psychiatrie<\/a><\/p>\n\n\n\n<p><a rel=\"noreferrer noopener\" href=\"https:\/\/www.uspsy.fr\/wp-content\/uploads\/2021\/06\/Motion-USP_Lirresponsabilite-penale.pdf\" data-type=\"URL\" data-id=\"https:\/\/www.uspsy.fr\/wp-content\/uploads\/2021\/06\/Motion-USP_Lirresponsabilite-penale.pdf\" target=\"_blank\">Motion L&rsquo;irresponsabilit\u00e9 p\u00e9nale<\/a><\/p>\n\n\n\n<p><a href=\"https:\/\/www.uspsy.fr\/wp-content\/uploads\/2021\/06\/Rapport-dactivite-USP-mars-2020-mars-2021.pdf\" data-type=\"URL\" data-id=\"https:\/\/www.uspsy.fr\/wp-content\/uploads\/2021\/06\/Rapport-dactivite-USP-mars-2020-mars-2021.pdf\" target=\"_blank\" rel=\"noreferrer noopener\">Rapport d&rsquo;activit\u00e9 USP mars 2020-mars 2021<\/a><\/p>\n","protected":false},"excerpt":{"rendered":"<p>\u00c0 l\u2019heure de la pand\u00e9mie de Covid-19 qui n\u2019en finit pas, nous sommes toujours et&hellip;<\/p>\n","protected":false},"author":1,"featured_media":0,"comment_status":"closed","ping_status":"closed","sticky":false,"template":"","format":"standard","meta":{"footnotes":""},"categories":[590],"tags":[],"class_list":["post-26503","post","type-post","status-publish","format-standard","hentry","category-motions-et-congres"],"_links":{"self":[{"href":"https:\/\/www.uspsy.fr\/index.php?rest_route=\/wp\/v2\/posts\/26503","targetHints":{"allow":["GET"]}}],"collection":[{"href":"https:\/\/www.uspsy.fr\/index.php?rest_route=\/wp\/v2\/posts"}],"about":[{"href":"https:\/\/www.uspsy.fr\/index.php?rest_route=\/wp\/v2\/types\/post"}],"author":[{"embeddable":true,"href":"https:\/\/www.uspsy.fr\/index.php?rest_route=\/wp\/v2\/users\/1"}],"replies":[{"embeddable":true,"href":"https:\/\/www.uspsy.fr\/index.php?rest_route=%2Fwp%2Fv2%2Fcomments&post=26503"}],"version-history":[{"count":9,"href":"https:\/\/www.uspsy.fr\/index.php?rest_route=\/wp\/v2\/posts\/26503\/revisions"}],"predecessor-version":[{"id":26571,"href":"https:\/\/www.uspsy.fr\/index.php?rest_route=\/wp\/v2\/posts\/26503\/revisions\/26571"}],"wp:attachment":[{"href":"https:\/\/www.uspsy.fr\/index.php?rest_route=%2Fwp%2Fv2%2Fmedia&parent=26503"}],"wp:term":[{"taxonomy":"category","embeddable":true,"href":"https:\/\/www.uspsy.fr\/index.php?rest_route=%2Fwp%2Fv2%2Fcategories&post=26503"},{"taxonomy":"post_tag","embeddable":true,"href":"https:\/\/www.uspsy.fr\/index.php?rest_route=%2Fwp%2Fv2%2Ftags&post=26503"}],"curies":[{"name":"wp","href":"https:\/\/api.w.org\/{rel}","templated":true}]}}