{"id":26536,"date":"2021-06-10T14:34:43","date_gmt":"2021-06-10T12:34:43","guid":{"rendered":"https:\/\/www.uspsy.fr\/?p=26536"},"modified":"2021-06-10T14:34:45","modified_gmt":"2021-06-10T12:34:45","slug":"palestine-la-resistance-comme-therapie","status":"publish","type":"post","link":"https:\/\/www.uspsy.fr\/?p=26536","title":{"rendered":"Palestine : la r\u00e9sistance comme th\u00e9rapie"},"content":{"rendered":"\n<p>Entretien avec Samah Jabr, psychiatre et psychoth\u00e9rapeute palestinienne paru dans <em>Lundi Matin<\/em>, n\u00b0288, le 17 mai 2021 <\/p>\n\n\n\n<p><a href=\"https:\/\/lundi.am\/Palestine-la-resistance-comme-therapie\" data-type=\"URL\" data-id=\"https:\/\/lundi.am\/Palestine-la-resistance-comme-therapie\" target=\"_blank\" rel=\"noreferrer noopener\">Pour lire l&rsquo;article complet <\/a><\/p>\n\n\n\n<p>Un spectre hante le monde, celui de la Palestine. Comme chaque fois qu\u2019une phase de crise aigu\u00eb a fait r\u00e9appara\u00eetre cette question dans le champ m\u00e9diatique, il faut \u00eatre attentif \u00e0 la fois \u00e0 la singularit\u00e9 du moment et aux processus longs. Se garder d\u2019abord de consid\u00e9rer qu\u2019il y aurait eu quelque chose comme une situation normale, que seraient venus d\u00e9ranger des \u00ab heurts \u00bb, des \u00ab affrontements \u00bb, des \u00ab bombardements \u00bb, des \u00ab roquettes \u00bb, \u00ab un bilan qui s\u2019alourdit \u00bb faisant craindre \u00ab un embrasement dans toute la r\u00e9gion \u00bb&#8230; Tenter enfin de penser la Nakba, la \u00ab catastrophe \u00bb ou le \u00ab d\u00e9sastre \u00bb des Palestiniens, comme le fait \u00ab que les choses continuent comme avant \u00bb.<\/p>\n\n\n\n<p>Cette interview d\u2019une psychiatre et psychoth\u00e9rapeute palestinienne, vivant \u00e0 J\u00e9rusalem et travaillant en Cisjordanie, peut y contribuer.<\/p>\n\n\n\n<p>Samah Jabr a publi\u00e9 plusieurs centaines de textes et d\u2019articles d\u2019analyse sur l\u2019occupation et la soci\u00e9t\u00e9 palestinienne, insistant notamment sur l\u2019impossibilit\u00e9 de s\u00e9parer les niveaux de compr\u00e9hension psychologique et politique. Elle rappelle aussi que \u00ab la Nakba n\u2019est pas un \u00e9v\u00e9nement historique pass\u00e9, mais un processus qui se poursuit depuis plus de 70 ans \u00bb&#8230;<\/p>\n\n\n\n<p>Une partie importante du documentaire <em><a href=\"https:\/\/derrierelesfrontslefilm.fr\/\" data-type=\"URL\" data-id=\"https:\/\/derrierelesfrontslefilm.fr\/\" target=\"_blank\" rel=\"noreferrer noopener\">Derri\u00e8re les fronts, r\u00e9sistances et r\u00e9siliences en Palestine<\/a><\/em> d&rsquo;Alexandra Dols, lui est consacr\u00e9e.<\/p>\n\n\n\n<p>Propos recueillis le 14 mai 2021<\/p>\n\n\n\n<figure class=\"wp-block-embed\"><div class=\"wp-block-embed__wrapper\">\nhttps:\/\/derrierelesfrontslefilm.fr\/\n<\/div><\/figure>\n\n\n\n<p><a href=\"\"><\/a><\/p>\n","protected":false},"excerpt":{"rendered":"<p>Entretien avec Samah Jabr, psychiatre et psychoth\u00e9rapeute palestinienne paru dans Lundi Matin, n\u00b0288, le 17&hellip;<\/p>\n","protected":false},"author":1,"featured_media":0,"comment_status":"closed","ping_status":"closed","sticky":false,"template":"","format":"standard","meta":{"footnotes":""},"categories":[588],"tags":[617],"class_list":["post-26536","post","type-post","status-publish","format-standard","hentry","category-infos-et-actions-internationales","tag-palestine"],"_links":{"self":[{"href":"https:\/\/www.uspsy.fr\/index.php?rest_route=\/wp\/v2\/posts\/26536","targetHints":{"allow":["GET"]}}],"collection":[{"href":"https:\/\/www.uspsy.fr\/index.php?rest_route=\/wp\/v2\/posts"}],"about":[{"href":"https:\/\/www.uspsy.fr\/index.php?rest_route=\/wp\/v2\/types\/post"}],"author":[{"embeddable":true,"href":"https:\/\/www.uspsy.fr\/index.php?rest_route=\/wp\/v2\/users\/1"}],"replies":[{"embeddable":true,"href":"https:\/\/www.uspsy.fr\/index.php?rest_route=%2Fwp%2Fv2%2Fcomments&post=26536"}],"version-history":[{"count":4,"href":"https:\/\/www.uspsy.fr\/index.php?rest_route=\/wp\/v2\/posts\/26536\/revisions"}],"predecessor-version":[{"id":26540,"href":"https:\/\/www.uspsy.fr\/index.php?rest_route=\/wp\/v2\/posts\/26536\/revisions\/26540"}],"wp:attachment":[{"href":"https:\/\/www.uspsy.fr\/index.php?rest_route=%2Fwp%2Fv2%2Fmedia&parent=26536"}],"wp:term":[{"taxonomy":"category","embeddable":true,"href":"https:\/\/www.uspsy.fr\/index.php?rest_route=%2Fwp%2Fv2%2Fcategories&post=26536"},{"taxonomy":"post_tag","embeddable":true,"href":"https:\/\/www.uspsy.fr\/index.php?rest_route=%2Fwp%2Fv2%2Ftags&post=26536"}],"curies":[{"name":"wp","href":"https:\/\/api.w.org\/{rel}","templated":true}]}}