{"id":26596,"date":"2021-07-20T10:25:52","date_gmt":"2021-07-20T08:25:52","guid":{"rendered":"https:\/\/www.uspsy.fr\/?p=26596"},"modified":"2021-07-20T10:29:51","modified_gmt":"2021-07-20T08:29:51","slug":"la-psychiatrie-resiste-t-elle-au-neoliberalisme","status":"publish","type":"post","link":"https:\/\/www.uspsy.fr\/?p=26596","title":{"rendered":"La psychiatrie r\u00e9siste-t-elle au n\u00e9olib\u00e9ralisme ?"},"content":{"rendered":"\n<p>par <strong><a href=\"https:\/\/www.cairn.info\/publications-de-Christophe-Dejours--10012.htm\">Christophe Dejours<\/a><\/strong>, paru dans&nbsp;<strong><a href=\"https:\/\/www.cairn.info\/revue-l-information-psychiatrique.htm\">L&rsquo;information psychiatrique<\/a><\/strong>&nbsp;<strong><a href=\"https:\/\/www.cairn.info\/revue-l-information-psychiatrique-2017-1.htm\">2017\/1 (Volume 93)<\/a><\/strong>, pages 39 \u00e0 42<\/p>\n\n\n\n<p><a href=\"https:\/\/www.cairn.info\/revue-l-information-psychiatrique-2017-1-page-39.htm?fbclid=IwAR3U6FpoC1TjMlpZvTWsD5k0Sgaj2gNWOoWHo5Z-XAWZ9Cs8GZjKJCq7tSI#no1\" data-type=\"URL\" data-id=\"https:\/\/www.cairn.info\/revue-l-information-psychiatrique-2017-1-page-39.htm?fbclid=IwAR3U6FpoC1TjMlpZvTWsD5k0Sgaj2gNWOoWHo5Z-XAWZ9Cs8GZjKJCq7tSI#no1\">pour retrouver l&rsquo;article sur cairn.info<\/a><\/p>\n\n\n\n<p>Claire Gekiere de l&rsquo;USP citait d\u00e9j\u00e0 cet article dans un article paru dans le <a rel=\"noreferrer noopener\" href=\"https:\/\/pratiques.fr\/-Pratiques-No89-Manifestons-nous-\" data-type=\"URL\" data-id=\"https:\/\/pratiques.fr\/-Pratiques-No89-Manifestons-nous-\" target=\"_blank\">n\u00b0 89 de la revue Pratiques, les cahiers de la m\u00e9decine utopique<\/a> : Ignorez-les, ils seront tous touch\u00e9s (<a href=\"https:\/\/www.uspsy.fr\/wp-content\/uploads\/2021\/07\/Pratiques-n\u00b0-89_Gekiere_Ignorez-les-ils-seront-tous-touches.pdf\" data-type=\"URL\" data-id=\"https:\/\/www.uspsy.fr\/wp-content\/uploads\/2021\/07\/Pratiques-n\u00b0-89_Gekiere_Ignorez-les-ils-seront-tous-touches.pdf\" target=\"_blank\" rel=\"noreferrer noopener\">pour le t\u00e9l\u00e9charger en pdf<\/a>)<\/p>\n","protected":false},"excerpt":{"rendered":"<p>par Christophe Dejours, paru dans&nbsp;L&rsquo;information psychiatrique&nbsp;2017\/1 (Volume 93), pages 39 \u00e0 42 pour retrouver l&rsquo;article&hellip;<\/p>\n","protected":false},"author":1,"featured_media":0,"comment_status":"closed","ping_status":"closed","sticky":false,"template":"","format":"standard","meta":{"footnotes":""},"categories":[600],"tags":[627,628,629],"class_list":["post-26596","post","type-post","status-publish","format-standard","hentry","category-contraintes-et-liberte","tag-clinique","tag-neoliberalisme","tag-new-public-management"],"_links":{"self":[{"href":"https:\/\/www.uspsy.fr\/index.php?rest_route=\/wp\/v2\/posts\/26596","targetHints":{"allow":["GET"]}}],"collection":[{"href":"https:\/\/www.uspsy.fr\/index.php?rest_route=\/wp\/v2\/posts"}],"about":[{"href":"https:\/\/www.uspsy.fr\/index.php?rest_route=\/wp\/v2\/types\/post"}],"author":[{"embeddable":true,"href":"https:\/\/www.uspsy.fr\/index.php?rest_route=\/wp\/v2\/users\/1"}],"replies":[{"embeddable":true,"href":"https:\/\/www.uspsy.fr\/index.php?rest_route=%2Fwp%2Fv2%2Fcomments&post=26596"}],"version-history":[{"count":2,"href":"https:\/\/www.uspsy.fr\/index.php?rest_route=\/wp\/v2\/posts\/26596\/revisions"}],"predecessor-version":[{"id":26600,"href":"https:\/\/www.uspsy.fr\/index.php?rest_route=\/wp\/v2\/posts\/26596\/revisions\/26600"}],"wp:attachment":[{"href":"https:\/\/www.uspsy.fr\/index.php?rest_route=%2Fwp%2Fv2%2Fmedia&parent=26596"}],"wp:term":[{"taxonomy":"category","embeddable":true,"href":"https:\/\/www.uspsy.fr\/index.php?rest_route=%2Fwp%2Fv2%2Fcategories&post=26596"},{"taxonomy":"post_tag","embeddable":true,"href":"https:\/\/www.uspsy.fr\/index.php?rest_route=%2Fwp%2Fv2%2Ftags&post=26596"}],"curies":[{"name":"wp","href":"https:\/\/api.w.org\/{rel}","templated":true}]}}