{"id":26852,"date":"2022-10-13T12:34:45","date_gmt":"2022-10-13T10:34:45","guid":{"rendered":"https:\/\/www.uspsy.fr\/?p=26852"},"modified":"2022-10-13T15:20:36","modified_gmt":"2022-10-13T13:20:36","slug":"les-internes-ne-sont-pas-des-variables-dajustement","status":"publish","type":"post","link":"https:\/\/www.uspsy.fr\/?p=26852","title":{"rendered":"Les internes ne sont pas des variables d&rsquo;ajustement"},"content":{"rendered":"\n<p>Le PLFSS 2023 annonce une 4<sup>e<\/sup> ann\u00e9e d&rsquo;internat de m\u00e9decine g\u00e9n\u00e9rale.&nbsp;<\/p>\n\n\n\n<p>L&rsquo;USP est favorable \u00e0 cette ann\u00e9e suppl\u00e9mentaire ne pouvant qu&rsquo;am\u00e9liorer la formation en m\u00e9decine g\u00e9n\u00e9rale, mais souhaite la voir assortie d&rsquo;une possibilit\u00e9 d&rsquo;un stage de 6 mois de psychiatrie.<\/p>\n\n\n\n<p>Ce qui n&rsquo;est pas acceptable, c&rsquo;est d&rsquo;obliger les internes \u00e0 faire cette ann\u00e9e suppl\u00e9mentaire dans les zones sous-denses, autrement dit les d\u00e9serts m\u00e9dicaux, o\u00f9 forc\u00e9ment ils seront peu encadr\u00e9s. Cela imposera par ailleurs une rotation permanente du r\u00e9f\u00e9rent m\u00e9dical \u00e0 la patient\u00e8le.<\/p>\n\n\n\n<p>L&rsquo;USP rappelle que durant l&rsquo;internat, les internes sont corv\u00e9ables \u00e0 merci, servant de variable d&rsquo;ajustement l\u00e0 o\u00f9 des postes m\u00e9dicaux ne sont pas pourvus. Cette situation les am\u00e8ne&nbsp;parfois \u00e0 r\u00e9clamer des droits pour leur avenir, notamment un culte de la libert\u00e9 d&rsquo;installation, alors que l&rsquo;int\u00e9r\u00eat g\u00e9n\u00e9ral et le service du public devraient \u00eatre les valeurs cl\u00e9 pour de futurs m\u00e9decins.<\/p>\n\n\n\n<p>L&rsquo;USP demande \u00e0 ce que les internes soient mieux consid\u00e9r\u00e9s pendant leurs \u00e9tudes et que leur temps de travail ne d\u00e9passe pas 48 heures hebdomadaires, comme la loi le pr\u00e9voit.<\/p>\n\n\n\n<p>Les d\u00e9serts m\u00e9dicaux ont \u00e9t\u00e9 voulus de longue date par des politiques publiques inadapt\u00e9es et des institutions m\u00e9dicales irresponsables. Ce n&rsquo;est que r\u00e9cemment que le Conseil de l&rsquo;Ordre des m\u00e9decins a infl\u00e9chi sa position \u00e0 ce sujet. Ce n&rsquo;est pas le cas de tous les syndicats de m\u00e9decins lib\u00e9raux.<\/p>\n\n\n\n<p>L&rsquo;USP demande la suppression du numerus apertus, qui ne fait que reproduire le numerus clausus.\u00a0<\/p>\n\n\n\n<p>Non ! La loi de l&rsquo;offre et de la demande ne sert pas la sant\u00e9 publique ni les usagers !<\/p>\n\n\n\n<p>Les incitations financi\u00e8res actuelles ont montr\u00e9 leur faible impact. Cela n&rsquo;a rien d&rsquo;\u00e9tonnant si ces politiques d&rsquo;installation ne sont pas associ\u00e9es \u00e0 une v\u00e9ritable politique d&rsquo;am\u00e9nagement du territoire restaurant les services publics dans ces zones d\u00e9sert\u00e9es ainsi qu&rsquo;une vie locale.<\/p>\n\n\n\n<p>L&rsquo;USP demande que ces incitations financi\u00e8res de l&rsquo;Etat soient fl\u00e9ch\u00e9es pour l&rsquo;installation de centres de sant\u00e9 o\u00f9 une pratique pluridisciplinaire est favoris\u00e9e, avec diff\u00e9rents professionnels de sant\u00e9.<\/p>\n\n\n\n<p>Si une obligation d&rsquo;installation ou une ann\u00e9e de stage dans des territoires p\u00e9riph\u00e9riques devait voir le jour, elle devrait \u00eatre connue d\u00e8s le d\u00e9but des \u00e9tudes m\u00e9dicales et devrait concerner les futurs g\u00e9n\u00e9ralistes ET sp\u00e9cialistes.<\/p>\n\n\n\n<p>L&rsquo;USP demande \u00e0 ce que des quotas d&rsquo;installation conventionn\u00e9e sur le territoire soient d\u00e9termin\u00e9s et impos\u00e9s pour les m\u00e9decins comme pour les pharmaciens, infirmiers lib\u00e9raux, kin\u00e9sith\u00e9rapeutes&#8230; ce qui permettrait un premier pas vers le repeuplement de zones d\u00e9pourvues de m\u00e9decins.<\/p>\n\n\n\n<p>L&rsquo;USP s&rsquo;associe \u00e0 la Coordination Nationale des Comit\u00e9s de D\u00e9fense des H\u00f4pitaux et Maternit\u00e9s de Proximit\u00e9 dans ses analyses et revendications (voir le communiqu\u00e9 joint).<\/p>\n\n\n\n<p>Delphine Glachant, pr\u00e9sidente de l&rsquo;USP et le Conseil national<\/p>\n\n\n\n<p><a rel=\"noreferrer noopener\" href=\"https:\/\/www.uspsy.fr\/wp-content\/uploads\/2022\/10\/Communique-de-lUSP_Les-internes-ne-sont-pas-des-variables-dajustement.pdf\" data-type=\"URL\" data-id=\"https:\/\/www.uspsy.fr\/wp-content\/uploads\/2022\/10\/Communique-de-lUSP_Les-internes-ne-sont-pas-des-variables-dajustement.pdf\" target=\"_blank\">pour t\u00e9l\u00e9charger le communiqu\u00e9 de l&rsquo;USP en pdf<\/a><\/p>\n\n\n\n<p><a href=\"https:\/\/www.uspsy.fr\/wp-content\/uploads\/2022\/10\/plan-durgence-mise-en-forme_DEF_221009_144638.pdf\" data-type=\"URL\" data-id=\"https:\/\/www.uspsy.fr\/wp-content\/uploads\/2022\/10\/plan-durgence-mise-en-forme_DEF_221009_144638.pdf\" target=\"_blank\" rel=\"noreferrer noopener\">communiqu\u00e9 de la Coordination nationale des comit\u00e9s de d\u00e9fense des h\u00f4pitaux et des maternit\u00e9 de proximit\u00e9<\/a><\/p>\n","protected":false},"excerpt":{"rendered":"<p>Le PLFSS 2023 annonce une 4e ann\u00e9e d&rsquo;internat de m\u00e9decine g\u00e9n\u00e9rale.&nbsp; L&rsquo;USP est favorable \u00e0&hellip;<\/p>\n","protected":false},"author":1,"featured_media":0,"comment_status":"closed","ping_status":"closed","sticky":false,"template":"","format":"standard","meta":{"footnotes":""},"categories":[591],"tags":[674,672,673,620],"class_list":["post-26852","post","type-post","status-publish","format-standard","hentry","category-communiques-de-presse","tag-deserts-medicaux","tag-internes","tag-plfss","tag-psychiatrie-publique"],"_links":{"self":[{"href":"https:\/\/www.uspsy.fr\/index.php?rest_route=\/wp\/v2\/posts\/26852","targetHints":{"allow":["GET"]}}],"collection":[{"href":"https:\/\/www.uspsy.fr\/index.php?rest_route=\/wp\/v2\/posts"}],"about":[{"href":"https:\/\/www.uspsy.fr\/index.php?rest_route=\/wp\/v2\/types\/post"}],"author":[{"embeddable":true,"href":"https:\/\/www.uspsy.fr\/index.php?rest_route=\/wp\/v2\/users\/1"}],"replies":[{"embeddable":true,"href":"https:\/\/www.uspsy.fr\/index.php?rest_route=%2Fwp%2Fv2%2Fcomments&post=26852"}],"version-history":[{"count":4,"href":"https:\/\/www.uspsy.fr\/index.php?rest_route=\/wp\/v2\/posts\/26852\/revisions"}],"predecessor-version":[{"id":26856,"href":"https:\/\/www.uspsy.fr\/index.php?rest_route=\/wp\/v2\/posts\/26852\/revisions\/26856"}],"wp:attachment":[{"href":"https:\/\/www.uspsy.fr\/index.php?rest_route=%2Fwp%2Fv2%2Fmedia&parent=26852"}],"wp:term":[{"taxonomy":"category","embeddable":true,"href":"https:\/\/www.uspsy.fr\/index.php?rest_route=%2Fwp%2Fv2%2Fcategories&post=26852"},{"taxonomy":"post_tag","embeddable":true,"href":"https:\/\/www.uspsy.fr\/index.php?rest_route=%2Fwp%2Fv2%2Ftags&post=26852"}],"curies":[{"name":"wp","href":"https:\/\/api.w.org\/{rel}","templated":true}]}}