{"id":26858,"date":"2022-10-31T15:29:43","date_gmt":"2022-10-31T14:29:43","guid":{"rendered":"https:\/\/www.uspsy.fr\/?p=26858"},"modified":"2022-10-31T15:29:44","modified_gmt":"2022-10-31T14:29:44","slug":"apres-le-meurtre-de-lola-nos-libertes-et-droits-en-danger","status":"publish","type":"post","link":"https:\/\/www.uspsy.fr\/?p=26858","title":{"rendered":"Apr\u00e8s le meurtre de Lola, nos libert\u00e9s et droits en danger"},"content":{"rendered":"\n<p>Un fait divers atroce, l&rsquo;assassinat d&rsquo;une adolescente pr\u00e9nomm\u00e9e Lola, a \u00e9t\u00e9 l&rsquo;occasion d&rsquo;une campagne de l&rsquo;extr\u00eame-droite et de la droite contre les immigr\u00e9s et aussi contre les experts psychiatres cens\u00e9s faire \u00e9chapper les monstres \u00e0 u lynchage bien m\u00e9rit\u00e9. Il y a des faits divers qui deviennent des faits de soci\u00e9t\u00e9, qui passent \u00e0 la post\u00e9rit\u00e9, qui marquent les imaginaires. De par la volont\u00e9 politique d&rsquo;une extr\u00eame-droite toujours plus radicalis\u00e9e, cette affaire est d\u00e9j\u00e0 devenue un fait de soci\u00e9t\u00e9, ainsi que Zemmour l&rsquo;a proclam\u00e9. C&rsquo;est une campagne m\u00e9diatique qui s&rsquo;est d\u00e9chain\u00e9e avec un journal comme <em>Valeurs actuelles<\/em> ou un m\u00e9dia comme C8. C&rsquo;est une remise en cause de l\u2019\u00c9tat de droit qui a lieu, nous allons essayer de la pr\u00e9ciser.<\/p>\n\n\n\n<p>Rappelons encore un fois quelques notions :<\/p>\n\n\n\n<p>Les malades mentaux sont plus souvent victimes de violences que responsables de violences.<\/p>\n\n\n\n<p>Les prisons accueillent dans des conditions terribles des personnes d\u00e9lirantes en proportion importante, leur place devrait \u00eatre dans des institutions psychiatriques.<\/p>\n\n\n\n<p>Il existe des meurtres commis par des personnes d\u00e9lirantes, elles furent dans l\u2019histoire consid\u00e9r\u00e9es irresponsables p\u00e9nalement et relevant d\u2019une prise en charge psychiatrique. Puis, dans une p\u00e9riode plus r\u00e9cente, leur responsabilit\u00e9 fut consid\u00e9r\u00e9e comme \u00e9ventuellement att\u00e9nu\u00e9e. \u00c9volution qui se fit notamment pour qu\u2019il y ait proc\u00e8s.<\/p>\n\n\n\n<p>La d\u00e9sagr\u00e9gation des institutions psychiatriques, au profit du d\u00e9veloppement de cliniques priv\u00e9es souvent, fait que la prise en charge des personnes en souffrance psychique est en grand d\u00e9clin.<\/p>\n\n\n\n<p>Et l&rsquo;on ne peut que citer la crise qui atteint aussi les services de protection de l&rsquo;enfance, l\u2019institution judiciaire et maintenant de la police judiciaire.<\/p>\n\n\n\n<p><strong>Maintenant, rappelons les faits, ce fait divers.<sup>1<\/sup><\/strong><\/p>\n\n\n\n<p>A Paris, vendredi 14 octobre, le corps ligot\u00e9 d\u2019une adolescente de 12 ans a \u00e9t\u00e9 retrouv\u00e9 dans une malle. La disparition de la jeune fille avait \u00e9t\u00e9 signal\u00e9e par ses parents dans l\u2019apr\u00e8s-midi car elle n\u2019\u00e9tait pas revenue du coll\u00e8ge. Une suspecte, \u00e2g\u00e9e de 24 ans, a \u00e9t\u00e9 interpell\u00e9e et plac\u00e9e en garde \u00e0 vue par les enqu\u00eateurs, samedi 15 octobre.<\/p>\n\n\n\n<p>Dans un communiqu\u00e9, le parquet de Paris a donn\u00e9 plus de d\u00e9tails sur la mort de l\u2019adolescente et les d\u00e9clarations de l\u2019accus\u00e9e : <em>\u00ab&nbsp;<\/em><em>Elle aurait entra\u00een\u00e9 la victime jusqu\u2019\u00e0 l\u2019appartement de sa s\u0153ur, vivant dans le m\u00eame immeuble que l\u2019enfant, elle lui aurait impos\u00e9 de se doucher avant de commettre sur elle des atteintes \u00e0 caract\u00e8re sexuel et d\u2019autres violences ayant entra\u00een\u00e9 la mort&nbsp;\u00bb.<\/em> Plusieurs plaies \u00e0 la gorge ont \u00e9t\u00e9 constat\u00e9es sur le cadavre de l\u2019adolescente, elle aurait \u00e9t\u00e9 asphyxi\u00e9e. L&rsquo;accus\u00e9e avait transport\u00e9 une valise lourde dans la soir\u00e9e pr\u00e9c\u00e9dant le drame, entre le lieu du crime et un autre lieu puis retour et laiss\u00e9 la valise dans la cour de l&rsquo;immeuble o\u00f9 elle fut remarqu\u00e9e par une personne SDF, le cadavre supplici\u00e9 de Lola y fut retrouv\u00e9 par la police.<\/p>\n\n\n\n<p>Ce fait divers horrible a bien s\u00fbr suscit\u00e9 une vive \u00e9motion dans le pays.<\/p>\n\n\n\n<p>La principale suspecte, Dahbia B., 24 ans, d&rsquo;origine alg\u00e9rienne, avait fait l\u2019objet d\u2019une obligation de quitter la France (OQTF) depuis le 21 septembre 2022, pour d\u00e9faut de pr\u00e9sentation d\u2019un titre de s\u00e9jour valide. Elle \u00e9tait arriv\u00e9e en France en 2016 avec un visa d\u2019\u00e9tudiante. Elle \u00e9tait SDF, elle venait se r\u00e9fugier parfois chez sa s\u0153ur locataire dans l&rsquo;immeuble dont les parents de Lola sont les gardiens. Sa m\u00e8re \u00e9tait morte r\u00e9cemment, elle n\u2019avait pas d\u2019ant\u00e9c\u00e9dents judiciaires et psychiatriques. Incarc\u00e9r\u00e9e et plac\u00e9e \u00e0 l&rsquo;isolement, elle est mise en examen pour viol, actes de barbarie et meurtre.<\/p>\n\n\n\n<p>Elle doit faire l&rsquo;objet d&rsquo;une expertise psychiatrique prochainement. \u00c0 ce stade, \u00ab son mobile n&rsquo;est toujours pas clairement \u00e9tabli \u00bb, on sait qu&rsquo;elle a agi seule. On \u00e9voque ses propos incoh\u00e9rents.<\/p>\n\n\n\n<p><strong>Les droites radicales<sup>1,2, 3<\/sup><\/strong><\/p>\n\n\n\n<p>Ce meurtre atroce a pris rapidement une tournure politique, sur les r\u00e9seaux sociaux d\u2019abord, puis dans les \u00e9missions de talk-show et m\u00eame jusqu\u2019\u00e0 l\u2019Assembl\u00e9e nationale ou au S\u00e9nat, avec la droite radicale et l\u2019extr\u00eame droite \u00e0 la man\u0153uvre.<\/p>\n\n\n\n<p>Mardi apr\u00e8s-midi, Marine Le Pen, pose une question \u00e0 <em>\u00ab madame la premi\u00e8re ministre \u00bb&nbsp;:<\/em><em>\u00ab Une fois de plus, la suspecte de cet acte barbare n\u2019aurait pas d\u00fb se trouver sur notre territoire et ce, depuis plus de trois ans. Une fois de trop. Et vous ne pourrez pas \u00e9vacuer le sujet. <\/em><em>[&#8230;] <\/em><em>Cent fois, madame la premi\u00e8re ministre, nous vous avons interpell\u00e9e sur ce laxisme migratoire, sur ces obligations de quitter le territoire dont 90 % ne sont pas ex\u00e9cut\u00e9es. \u00bb<\/em><\/p>\n\n\n\n<p>La barbarie, selon cette notable, est le fait de migrants.<\/p>\n\n\n\n<p>Le Rassemblement national n\u2019est pas le seul \u00e0 \u00eatre mont\u00e9 au cr\u00e9neau dans l\u2019h\u00e9micycle. Le d\u00e9put\u00e9 LR \u00c9ric Pauget a lui aussi parl\u00e9 de <em>\u00ab barbarie \u00bb<\/em><em>. <\/em><em>\u00ab <\/em><em>[&#8230;] <\/em><em>Lola a perdu la vie parce que vous n\u2019avez pas proc\u00e9d\u00e9 \u00e0 l\u2019expulsion de cette ressortissante qui n\u2019avait plus rien \u00e0 faire ici : voil\u00e0 la lourde cons\u00e9quence de votre inaction. \u00bb<\/em><em> <\/em>Et de poursuivre : \u00ab Je r\u00e9clame un droit au proc\u00e8s pour Lola. La France ne saurait tol\u00e9rer l\u2019irresponsabilit\u00e9 de bourreaux qui n\u2019ont leur place que dans l\u2019avion ou en prison. \u00bb. Chez les R\u00e9publicains encore, Eric Ciotti a tanc\u00e9 un \u00ab&nbsp;laxisme migratoire criminel&nbsp;\u00bb, avant que son concurrent \u00e0 la pr\u00e9sidence du parti, Bruno Retailleau, annonce le d\u00e9p\u00f4t prochain d&rsquo;une proposition de loi pour engager \u00ab&nbsp;la responsabilit\u00e9 de l\u2019\u00c9tat lorsqu&rsquo;il manque \u00e0 ses obligations&nbsp;\u00bb.<\/p>\n\n\n\n<p>La droite de la droite s&rsquo;attaque donc \u00e0 toute notion d&rsquo;irresponsabilit\u00e9 de malade mental ; cette notion a \u00e9volu\u00e9 mais elle reste un pilier du droit p\u00e9nal.<\/p>\n\n\n\n<p><strong>Le m\u00e9dia C8<sup>2, 3, 5, 6<\/sup><\/strong><\/p>\n\n\n\n<p>Pascal Praud commence son \u00e9mission du 18 octobre par un \u00e9dito solennel : <em>\u00ab La mort de Lola, 12 ans, est un miroir de notre soci\u00e9t\u00e9 : barbarie gratuite, immigration hors contr\u00f4le, \u00c9tat impuissant\u2026 La mort de Lola n\u2019est peut-\u00eatre pas un hasard, elle est sans doute une cons\u00e9quence, la cons\u00e9quence d\u2019une politique qui laisse sur le sol de France des individus qui n\u2019ont rien \u00e0 y faire.&nbsp;\u00bb<\/em><\/p>\n\n\n\n<p>C&rsquo;est le m\u00eame registre de qualificatifs employ\u00e9s par ce journaliste et par la droite et l&rsquo;extr\u00eame-droite.<\/p>\n\n\n\n<p>L\u2019\u00e9mission \u00ab Touche pas \u00e0 mon poste \u00bb, toujours sur C8<em>, <\/em>s\u2019empare elle aussi de l\u2019affaire, et Cyril Hanouna menace les experts judiciaires appel\u00e9s \u00e0 se prononcer sur l\u2019\u00e9ventuelle irresponsabilit\u00e9 p\u00e9nale de la principale suspecte<em>. \u00ab <\/em><em>Pour moi ce serait un drame absolu que les psychiatres la d\u00e9clarent irresponsable<\/em><em>\u2026 \u00bb.<\/em><\/p>\n\n\n\n<p>Celui qui a fait sa mue d&rsquo;amuseur public en penseur politique \u00e0 l&rsquo;occasion des derni\u00e8res \u00e9lections, se sent en droit de dire le droit et de juger la psychiatrie.<\/p>\n\n\n\n<p>Dans cette \u00e9mission, ces derniers jours, on n\u2019a pas cess\u00e9 d&rsquo;exiger: justice exp\u00e9ditive sans droits de la d\u00e9fense, enfermement \u00e0 vie, peine de mort r\u00e9tablie, refus de prisons simplement vivables. Rappelons que plusieurs membres du gouvernement ont particip\u00e9 ces dernier mois au talk-show d&rsquo;Hanouna. Et que c&rsquo;est le milliardaire reconnu comme \u00e9tant de droite radicale, Vincent Bollor\u00e9, qui poss\u00e8de Canal+ (C8 en fait partie), C News, Europe1, le <em>JDD<\/em>, <em>Paris Match<\/em>, sans oublier Vivendi et Havas, que sa d\u00e9termination politique est document\u00e9e.<\/p>\n\n\n\n<p>Zemmour, id\u00e9ologue en chef en cette affaire, affirme que Lola a \u00e9t\u00e9 tu\u00e9e parce que c\u2019est une \u00ab blonde aux yeux bleus \u00bb, que \u00ab ce n\u2019est pas un fait divers, c\u2019est un fait politique.\u00bb, ses propos ont \u00e9t\u00e9 largement repris, nous voyons que la ligne \u00e9ditoriale de C8 est superposable \u00e0 sa \u00ab&nbsp;pens\u00e9e \u00bb.<\/p>\n\n\n\n<p><strong>La famille de Lola<\/strong><\/p>\n\n\n\n<p><strong>Le 21 octobre 2022, l<\/strong>a famille demandait que \u00ab&nbsp;cesse instamment, et soit retir\u00e9e, toute utilisation du nom et de l\u2019image de leur enfant \u00e0 des fins politiques&nbsp;\u00bb. Ses parents souhaitaient \u00ab&nbsp;pouvoir honorer la m\u00e9moire de leur fille dans la s\u00e9r\u00e9nit\u00e9, le respect et la dignit\u00e9 qui lui est due&nbsp;\u00bb (AFP).<\/p>\n\n\n\n<p>La famille avait appel\u00e9 d\u00e8s jeudi \u00e0 ce que les diff\u00e9rentes c\u00e9r\u00e9monies se d\u00e9roulent \u00ab&nbsp;<em>loin des agitations politiques et m\u00e9diatiques&nbsp;\u00bb<\/em><em>.<\/em><\/p>\n\n\n\n<p>Dix jours apr\u00e8s l&rsquo;assassinat de la jeune Lola, ses fun\u00e9railles avaient lieu ce lundi 24 octobre apr\u00e8s-midi \u00e0 Lillers, dans le Pas-de-Calais. La famille souhaitait que la c\u00e9r\u00e9monie se d\u00e9roule \u00ab&nbsp;loin des agitations politiques&nbsp;\u00bb. Elle avait d\u00e9cid\u00e9 d&rsquo;ouvrir ces fun\u00e9railles au public, tout en r\u00e9affirmant \u00e0 nouveau dimanche soir sa volont\u00e9 d<em>&lsquo;<\/em><em>\u00ab&nbsp;<\/em><em>honorer<\/em><em> la m\u00e9moire&nbsp;\u00bb<\/em>de Lola <em>\u00ab&nbsp;dans la s\u00e9r\u00e9nit\u00e9&nbsp;\u00bb<\/em>, <em>\u00ab&nbsp;le respect et la dignit\u00e9&nbsp;\u00bb,<\/em><em> <\/em>loin de toute agitation politique.<\/p>\n\n\n\n<p>Au son de Georges Brassens, le public a quitt\u00e9 l&rsquo;\u00e9glise. Le cercueil blanc est lui sorti de la coll\u00e9giale Saint-Omer de Lillers accompagn\u00e9 par la musique \u00ab&nbsp;La goffa Lolita&nbsp;<em>\u00bb. \u00ab&nbsp;<\/em><em>Merci \u00e0 tous pour votre soutien&nbsp;\u00bb<\/em><em>, <\/em>a \u00e9crit la maman de Lola, dans un message Facebook partag\u00e9 plus de 20&nbsp;000 fois.<\/p>\n\n\n\n<p><strong>La haine comme politique, la mort comme drapeau<\/strong><\/p>\n\n\n\n<p>Il y a donc une continuit\u00e9 en cette occasion entre les discours d&rsquo;extr\u00eame-droite et de droite, entre le RN et les factieux de Zemmour, entre les divagations de l&rsquo;\u00e9quipe de Touche pas \u00e0 mon poste et les propos tenus au Parlement. L&rsquo;utilisation du visage de la jeune fille Lola<sup>4<\/sup> comme ralliement des fractions les plus radicales de la droite est obsc\u00e8ne, la famille endeuill\u00e9e et r\u00e9fugi\u00e9e loin de son domicile l&rsquo;a dit express\u00e9ment.<\/p>\n\n\n\n<p>Il serait dangereux de sous-estimer la force de frappe de la campagne de l&#8217;empire Bollor\u00e9 avec Zemmour et accompagn\u00e9e par le RN et LR, largement pr\u00e9par\u00e9e par la droite macroniste et surtout le ministre Darmanin<sup>11<\/sup>. Sous nos yeux, ce qui se d\u00e9ploie, c&rsquo;est maintenant une politique de la peur<sup>8,9<\/sup>, de la peur de l&rsquo;\u00e9trang\u00e8re, de la haine de l&rsquo;autre.<\/p>\n\n\n\n<p>Cette politique, ici et maintenant, pour exister doit nier un \u00ab fait troublant \u00bb. La description du crime, du comportement de l&rsquo;accus\u00e9e, certains t\u00e9moignages de proches et de voisins, \u00e9voquent un crime commis dans un contexte d\u00e9lirant. Cela reste \u00e0 d\u00e9montrer, il faut en savoir plus sur ce que dit et ne dit pas Dahbia B., mais cette hypoth\u00e8se m\u00e9ritera d&rsquo;\u00eatre discut\u00e9e. Or, c&rsquo;est cette hypoth\u00e8se m\u00eame qui est rejet\u00e9e avec violence par Cyril Hanouna, et les Zemmour, Pauget et autres. Non pas du fait d&rsquo;une comp\u00e9tence particuli\u00e8re en psychiatrie, d&rsquo;une connaissance du monde de la justice, loin de l\u00e0 puisque l&rsquo;ignorance est avanc\u00e9e comme preuve d&rsquo;une communion avec un bon sens populaire par ces agitateurs d&rsquo;extr\u00eame-droite- \u00e9voquer ainsi un tel bon sens, hier comme aujourd&rsquo;hui, est en fait une insulte faite au peuple. Et cela s&rsquo;accompagne d&rsquo;une s\u00e9rie de mensonges : la vie en prison serait trop douce, les hospitalisations sous contraintes se feraient de fa\u00e7on laxiste, alors que les t\u00e9moignages sur les conditions de s\u00e9jour dans ces deux types de lieux font l&rsquo;objet de d\u00e9nonciations des associations de d\u00e9fense des droits humains, de rapports parlementaires qui se succ\u00e8dent.<\/p>\n\n\n\n<p>Insistons aussi sur l&rsquo;affirmation faite que toute d\u00e9claration d&rsquo;irresponsabilit\u00e9 p\u00e9nale serait contraire au bon sens vengeur. Clairement, c&rsquo;est une atteinte \u00e0 un des piliers de la justice, de l\u2019\u00c9tat de droit, cette campagne des droites vise en fait \u00e0 acc\u00e9l\u00e9rer le d\u00e9mant\u00e8lement de l\u2019\u00c9tat de droit. Cette haine de la folie vient de loin, elle re\u00e7ut l&rsquo;onction pr\u00e9sidentielle lors du \u00ab discours d&rsquo;Antony \u00bb de Nicolas Sarkozy, en d\u00e9cembre 2008<sup>7,8,9<\/sup>. C&rsquo;est un populisme p\u00e9nal qui affirme qu&rsquo;il faut enfermer, cadenasser, priver de tous droits des personnes d\u00e9sign\u00e9es comme malades mentaux graves, que tel est l&rsquo;exigence du bon sens populaire, qui fut d\u00e9ploy\u00e9, qui conna\u00eet un autre souffle \u00e0 nouveau.<\/p>\n\n\n\n<p>Pour ces tenants d&rsquo;un populisme p\u00e9nal&nbsp;: \u00ab Si l&rsquo;accus\u00e9e avait \u00e9t\u00e9 expuls\u00e9e, elle n&rsquo;aurait pas assassin\u00e9 Lola \u00bb, l&rsquo;argument r\u00e9p\u00e9t\u00e9 est une tautologie : si elle avait \u00e9t\u00e9 ailleurs, elle n&rsquo;aurait pas \u00e9t\u00e9 ici. Cela permet de sembler apporter une explication, l\u00e0 o\u00f9 la stupeur emp\u00eache de penser, l\u00e0 o\u00f9 la relation des faits suscite horreur et incompr\u00e9hension. Or, on ne comprend pas grand-chose aux faits, \u00e0 ce jour. C&rsquo;est une enqu\u00eate qui permettra d&rsquo;en savoir plus, peut-\u00eatre de comprendre ce qui a fait agir ainsi cette femme, sachant qu&rsquo;il existe des myst\u00e8res criminels qui restent longtemps irr\u00e9solus. Mais ce que nous savons d\u00e8s \u00e0 pr\u00e9sent, c&rsquo;est que le temps de l&rsquo;enqu\u00eate, le temps du deuil aussi, s&rsquo;opposent aux d\u00e9cisions \u00e0 l&#8217;emporte-pi\u00e8ce, aux fureurs des d\u00e9magogues.<\/p>\n\n\n\n<p>Sans doute ces expressions des droites, par l&rsquo;\u00e9cho qu&rsquo;elles semblent susciter sont le sympt\u00f4me d&rsquo;une soci\u00e9t\u00e9 travers\u00e9e par des courants contraires parmi lesquels les courants les plus mortif\u00e8res sont tr\u00e8s actifs. \u00ab On a vu en Hongrie que de tels partis pouvaient tr\u00e8s rapidement affaiblir les principes d\u00e9mocratiques en s\u2019attaquant aux contre-pouvoirs, \u00e0 la justice, \u00e0 la presse, \u00e0 l\u2019opposition, aux universitaires, aux militants des droits humains&#8230; transformant le pays en un \u00c9tat autoritaire au sein m\u00eame de l\u2019Union europ\u00e9enne (UE). \u00bb<sup>12<\/sup><\/p>\n\n\n\n<p>Le d\u00e9sign\u00e9 comme fou, avec sa jouissance \u00e9trange, le d\u00e9sign\u00e9 fou dangereux \u2013 d\u00e9sign\u00e9 comme irr\u00e9cup\u00e9rable \u2013, sont des ennemis aussi pour ces extr\u00e9mistes.<\/p>\n\n\n\n<p>Une enqu\u00eate regroupant membres de l&rsquo;USP, du Printemps de la psychiatrie, du Syndicat de la magistrature, de la Ligue des droits de l&rsquo;homme, du Syndicat des avocats de France et d&rsquo;autres serait urgente.<\/p>\n\n\n\n<p>Pascal Boissel, 30-10-2022<\/p>\n\n\n\n<p><strong>Notes :<\/strong><\/p>\n\n\n\n<p>1. <a href=\"https:\/\/www.francetvinfo.fr\/faits-divers\/meurtre-de-lola\/meurtre-de-lola-les-parents-demandent-d-arreter-d-utiliser-le-nom-et-l-image-de-leur-enfant-a-des-fins-politiques-selon-leur-avocate_5431972.html\" target=\"_blank\" rel=\"noreferrer noopener\">https:\/\/www.francetvinfo.fr\/faits-divers\/meurtre-de-lola\/meurtre-de-lola-les-parents-demandent-d-arreter-d-utiliser-le-nom-et-l-image-de-leur-enfant-a-des-fins-politiques-selon-leur-avocate_5431972.html<\/a><\/p>\n\n\n\n<p>2. <a href=\"https:\/\/www.francetvinfo.fr\/faits-divers\/meurtre-de-lola\/meurtre-de-lola-des-manifestations-de-militants-d-extreme-droite-a-lyon-rennes-et-paris_5435578.html\" target=\"_blank\" rel=\"noreferrer noopener\">https:\/\/www.francetvinfo.fr\/faits-divers\/meurtre-de-lola\/meurtre-de-lola-des-manifestations-de-militants-d-extreme-droite-a-lyon-rennes-et-paris_5435578.html<\/a><\/p>\n\n\n\n<p>3. <a href=\"https:\/\/www.mediapart.fr\/journal\/france\/191022\/meurtre-de-lola-digne-emotion-indigne-recuperation\" target=\"_blank\" rel=\"noreferrer noopener\">https:\/\/www.mediapart.fr\/journal\/france\/191022\/meurtre-de-lola-digne-emotion-indigne-<\/a><a href=\"https:\/\/www.mediapart.fr\/journal\/france\/191022\/meurtre-de-lola-digne-emotion-indigne-recuperation\" target=\"_blank\" rel=\"noreferrer noopener\">recuperation<\/a><\/p>\n\n\n\n<p>4. <a href=\"https:\/\/blogs.mediapart.fr\/andre-gunthert\/blog\/211022\/pourquoi-montrer-lola\" target=\"_blank\" rel=\"noreferrer noopener\">https:\/\/blogs.mediapart.fr\/andre-gunthert\/blog\/211022\/pourquoi-montrer-lola<\/a><\/p>\n\n\n\n<p>5. <a href=\"https:\/\/www.telerama.fr\/ecrans\/pascal-praud-denonce-les-ravages-de-l-etat-de-droit-et-annonce-l-imminence-d-un-refroidissement-climatique-7012701.php\" target=\"_blank\" rel=\"noreferrer noopener\">https:\/\/www.telerama.fr\/ecrans\/pascal-praud-denonce-les-ravages-de-l-etat-de-droit-et-annonce-l-imminence-d-un-refroidissement-climatique-7012701.php<\/a><\/p>\n\n\n\n<p>6. \u00ab&nbsp;Baba le barbare&nbsp;\u00bb &#8211; Le Billet de Sophia Aram <a href=\"https:\/\/www.dailymotion.com\/video\/x8ewkck\" target=\"_blank\" rel=\"noreferrer noopener\">https:\/\/www.dailymotion.com\/video\/x8ewkck<\/a><\/p>\n\n\n\n<p>7. <a href=\"https:\/\/blogs.mediapart.fr\/edition\/contes-de-la-folie-ordinaire\/article\/270519\/non-lomerta-generalisee-refusons-la-politique-de-la-peur\" target=\"_blank\" rel=\"noreferrer noopener\">https:\/\/blogs.mediapart.fr\/edition\/contes-de-la-folie-ordinaire\/article\/270519\/non-lomerta-generalisee-refusons-la-politique-de-la-peur<\/a><\/p>\n\n\n\n<p>8. <a href=\"https:\/\/blogs.mediapart.fr\/edition\/contes-de-la-folie-ordinaire\/article\/270519\/non-lomerta-generalisee-refusons-la-politique-de-la-peur\" target=\"_blank\" rel=\"noreferrer noopener\">https:\/\/blogs.mediapart.fr\/edition\/contes-de-la-folie-ordinaire\/article\/270519\/non-lomerta-generalisee-refusons-la-politique-de-la-peur<\/a><\/p>\n\n\n\n<p>9. <a href=\"https:\/\/blogs.mediapart.fr\/edition\/contes-de-la-folie-ordinaire\/article\/141208\/psychiatrie-vers-un-front-du-refus-contre-l\" target=\"_blank\" rel=\"noreferrer noopener\">https:\/\/blogs.mediapart.fr\/edition\/contes-de-la-folie-ordinaire\/article\/141208\/psychiatrie-vers-un-front-du-refus-contre-l<\/a><\/p>\n\n\n\n<p>10. <a href=\"https:\/\/blogs.mediapart.fr\/edition\/contes-de-la-folie-ordinaire\/article\/250209\/psychiatrie-merci-monsieur-sarkozy\" target=\"_blank\" rel=\"noreferrer noopener\">https:\/\/blogs.mediapart.fr\/edition\/contes-de-la-folie-ordinaire\/article\/250209\/psychiatrie-merci-monsieur-sarkozy<\/a><\/p>\n\n\n\n<p>11. <a href=\"https:\/\/blogs.mediapart.fr\/edition\/contes-de-la-folie-ordinaire\/article\/300817\/le-ministre-de-linterieur-donne-aujourd-hui-ses-consignes-la-psychiatrie\" target=\"_blank\" rel=\"noreferrer noopener\">https:\/\/blogs.mediapart.fr\/edition\/contes-de-la-folie-ordinaire\/article\/300817\/le-ministre-de-linterieur-donne-aujourd-hui-ses-consignes-la-psychiatrie<\/a><\/p>\n\n\n\n<p>12. \u00ab L\u2019arriv\u00e9e au pouvoir de partis d\u2019extr\u00eame droite en Italie et en Su\u00e8de n\u2019est pas une surprise \u00bb, <em>Le Monde<\/em>, 30-10-2022<\/p>\n\n\n\n<p>13. <a rel=\"noreferrer noopener\" href=\"https:\/\/www.contretemps.eu\/crise-capitalisme-ascension-internationale-neofascisme-palheta\/\" target=\"_blank\">https:\/\/www.contretemps.eu\/crise-capitalisme-ascension-internationale-neofascisme-palheta\/<\/a><\/p>\n\n\n\n<p><a href=\"https:\/\/www.uspsy.fr\/wp-content\/uploads\/2022\/10\/USP_Pascal-Boissel_Apres-le-meurtre-de-Lola-nos-libertes-et-droits-en-danger_30-octobre-2022.pdf\" data-type=\"URL\" data-id=\"https:\/\/www.uspsy.fr\/wp-content\/uploads\/2022\/10\/USP_Pascal-Boissel_Apres-le-meurtre-de-Lola-nos-libertes-et-droits-en-danger_30-octobre-2022.pdf\" target=\"_blank\" rel=\"noreferrer noopener\">pour retrouver le texte en pdf<\/a><\/p>\n","protected":false},"excerpt":{"rendered":"<p>Un fait divers atroce, l&rsquo;assassinat d&rsquo;une adolescente pr\u00e9nomm\u00e9e Lola, a \u00e9t\u00e9 l&rsquo;occasion d&rsquo;une campagne de&hellip;<\/p>\n","protected":false},"author":990087,"featured_media":0,"comment_status":"closed","ping_status":"closed","sticky":false,"template":"","format":"standard","meta":{"footnotes":""},"categories":[598],"tags":[676,677,675],"class_list":["post-26858","post","type-post","status-publish","format-standard","hentry","category-textes-divers","tag-fait-divers","tag-politique","tag-psychiatrie"],"_links":{"self":[{"href":"https:\/\/www.uspsy.fr\/index.php?rest_route=\/wp\/v2\/posts\/26858","targetHints":{"allow":["GET"]}}],"collection":[{"href":"https:\/\/www.uspsy.fr\/index.php?rest_route=\/wp\/v2\/posts"}],"about":[{"href":"https:\/\/www.uspsy.fr\/index.php?rest_route=\/wp\/v2\/types\/post"}],"author":[{"embeddable":true,"href":"https:\/\/www.uspsy.fr\/index.php?rest_route=\/wp\/v2\/users\/990087"}],"replies":[{"embeddable":true,"href":"https:\/\/www.uspsy.fr\/index.php?rest_route=%2Fwp%2Fv2%2Fcomments&post=26858"}],"version-history":[{"count":1,"href":"https:\/\/www.uspsy.fr\/index.php?rest_route=\/wp\/v2\/posts\/26858\/revisions"}],"predecessor-version":[{"id":26860,"href":"https:\/\/www.uspsy.fr\/index.php?rest_route=\/wp\/v2\/posts\/26858\/revisions\/26860"}],"wp:attachment":[{"href":"https:\/\/www.uspsy.fr\/index.php?rest_route=%2Fwp%2Fv2%2Fmedia&parent=26858"}],"wp:term":[{"taxonomy":"category","embeddable":true,"href":"https:\/\/www.uspsy.fr\/index.php?rest_route=%2Fwp%2Fv2%2Fcategories&post=26858"},{"taxonomy":"post_tag","embeddable":true,"href":"https:\/\/www.uspsy.fr\/index.php?rest_route=%2Fwp%2Fv2%2Ftags&post=26858"}],"curies":[{"name":"wp","href":"https:\/\/api.w.org\/{rel}","templated":true}]}}