{"id":26870,"date":"2022-11-24T13:39:03","date_gmt":"2022-11-24T12:39:03","guid":{"rendered":"https:\/\/www.uspsy.fr\/?p=26870"},"modified":"2022-11-25T10:56:48","modified_gmt":"2022-11-25T09:56:48","slug":"preavis-de-greve-le-29-novembre-2022","status":"publish","type":"post","link":"https:\/\/www.uspsy.fr\/?p=26870","title":{"rendered":"Pr\u00e9avis de gr\u00e8ve le 29 novembre 2022"},"content":{"rendered":"\n<p>adress\u00e9 \u00e0 M. Fran\u00e7ois Braun, Ministre de la Sant\u00e9 et de la Pr\u00e9vention<\/p>\n\n\n\n<p>Monsieur le ministre,<\/p>\n\n\n\n<p>L\u2019Union syndicale de la psychiatrie (USP) d\u00e9pose un pr\u00e9avis de gr\u00e8ve nationale pour la journ\u00e9e du 29 novembre 2022. Ce pr\u00e9avis concerne tous les personnels m\u00e9dicaux, quel que soit leur mode d\u2019exercice en psychiatrie ou dans le m\u00e9dico-social.<\/p>\n\n\n\n<p>L\u2019USP a, dans ce cadre, sign\u00e9 le communiqu\u00e9 commun <a href=\"https:\/\/www.uspsy.fr\/wp-content\/uploads\/2022\/11\/CPSYNDICATSPSYCHIATRES-GREVE-DU-29-11-2022.pdf\">ci-joint<\/a> des trois autres syndicats de la psychiatrie publique (SPH, IDEPP et SPEP).<\/p>\n\n\n\n<p>La crise de la psychiatrie est gravissime et n\u2019est pas comparable \u00e0 celle des autres disciplines, quoi que vous en disiez. Car, comme vous le savez, la psychiatrie est sous dot\u00e9e depuis de nombreuses ann\u00e9es et il n\u2019est actuellement plus possible de soigner, dans de tr\u00e8s nombreux services, que ce soit en ambulatoire (CMP, H\u00f4pitaux de jour, CATTP) ou en hospitalisation compl\u00e8te.<\/p>\n\n\n\n<p>Il est absolument n\u00e9cessaire et indispensable d\u2019injecter des moyens massifs afin de stopper la fuite des soignants, psychiatres et param\u00e9dicaux. Ces d\u00e9parts nombreux pr\u00e9cipitent vers la fermeture de nombreuses structures et ne permettent plus de r\u00e9pondre aux demandes de soins de nos concitoyens.<\/p>\n\n\n\n<p>En plus des augmentations de salaires et des recrutements, l\u2019USP exige aussi des changements significatifs dans la gouvernance, de fa\u00e7on \u00e0 remettre au centre des dynamiques hospitali\u00e8res les projets m\u00e9dico-soignants, sans les mettre en concurrence, l\u2019administration ne devant servir que de support \u00e0 ces projets. Des moyens pour financer ces projets sont \u00e9galement n\u00e9cessaires. Pour cela, nous devons sortir des enveloppes ferm\u00e9es (ONDAM). Le PLFSS 2023 pr\u00e9voit un ONDAM en de\u00e7\u00e0 de l\u2019inflation&nbsp;!!!<\/p>\n\n\n\n<p>Pour sortir de la dynamique d\u2019h\u00f4pital entreprise et redonner le d\u00e9sir aux soignants de s\u2019impliquer dans leur m\u00e9tier, la loi HPST doit \u00eatre abolie.<\/p>\n\n\n\n<p>USP exige par ailleurs toujours :<\/p>\n\n\n\n<p>\u2013 L\u2019arr\u00eat de toutes les fermetures d\u2019\u00e9tablissements, de services et de lits et la r\u00e9ouverture de lits et places autant que de besoin. Nous n\u2019avons plus actuellement suffisamment de lits pour hospitaliser les personnes qui en ont besoin. Des patients sont sortis pr\u00e9matur\u00e9ment, sans \u00eatre stabilis\u00e9s, pour en admettre d\u2019autres. Des patients en attente d\u2019hospitalisation restent des heures et des heures, voire des jours, aux urgences, aggravant leur \u00e9tat psychique, majorant ainsi les mesures de contention, s\u00e9dation, isolement aux urgences, les mesures de Soins Sans Consentement et contribuant \u00e0 un accueil d\u00e9grad\u00e9e dans les unit\u00e9s d\u2019hospitalisation d\u2019aval. Ceci constitue \u00e9galement un facteur de stress important pour les personnels des urgences.<\/p>\n\n\n\n<p>\u2013 De r\u00e9elles mesures qui garantissent l\u2019acc\u00e8s, la proximit\u00e9 et l\u2019\u00e9galit\u00e9 de la prise en charge pour la population sur tout le territoire. Les derniers d\u00e9crets concernant les autorisations en psychiatrie vont plus loin encore dans la destruction de la psychiatrie de secteur.<\/p>\n\n\n\n<p>L\u2019USP pense que les annonces du pr\u00e9sident de la R\u00e9publique, \u00e0 l\u2019issue des Assises de la sant\u00e9 mentale et de la psychiatrie en septembre 2021, \u00e9taient tout \u00e0 fait insuffisantes. Nous ne pouvons que nous f\u00e9liciter des mesures concernant la pr\u00e9vention et la d\u00e9stigmatisation des maladies mentales, mais c\u2019est l\u2019ensemble des politiques sociales que le gouvernement doit revoir s\u2019il veut que diminuent les souffrances individuelles. Les souffrances psychiques ont plusieurs d\u00e9terminants, l\u2019ali\u00e9nation sociale \u00e9tant tr\u00e8s importante. Les \u00ab&nbsp;innovations&nbsp;\u00bb ne r\u00e9pondent en rien \u00e0 ces souffrances psychosociales.<\/p>\n\n\n\n<p>Les nouveaux moyens accord\u00e9s pour continuer \u00e0 faire vivre la psychiatrie de secteur sont nettement insuffisants et ne permettront pas d\u2019avoir les coud\u00e9es franches pour remplir ses missions d\u2019accueil de tous et \u00ab d\u2019aller vers \u00bb, puisque tel est son r\u00f4le en travaillant les liens avec les acteurs de la cit\u00e9.<\/p>\n\n\n\n<p>L\u2019USP souhaite notamment, pour la psychiatrie de secteur et pour la sant\u00e9 d\u2019une fa\u00e7on g\u00e9n\u00e9rale, en revenir au service public (et non \u00e0 l\u2019h\u00f4pital entreprise o\u00f9 nous ne sommes que des prestataires de service) et que s\u2019arr\u00eate de toute urgence la privatisation de la sant\u00e9.<\/p>\n\n\n\n<p>\u2013 Un retrait de toute fonction manag\u00e9riale aux responsables m\u00e9dicaux et non m\u00e9dicaux.<\/p>\n\n\n\n<p>\u2013 L\u2019arr\u00eat de la r\u00e9forme du financement de la psychiatrie, qui introduit un compartiment \u00e0 l\u2019activit\u00e9 qui va venir modifier notre travail clinique selon des crit\u00e8res budg\u00e9taires, au profit d\u2019une dotation \u00ab \u00e0 l\u2019habitant \u00bb.<\/p>\n\n\n\n<p>\u2013 La suppression de la notion d\u2019efficience, de&nbsp;<em>bench marking&nbsp;<\/em>et de ce qu\u2019elles sous-tendent, de tout projet d\u2019int\u00e9ressement.<\/p>\n\n\n\n<p>\u2013 Le r\u00e9tablissement de l\u2019\u00e9galit\u00e9 d\u2019acc\u00e8s aux soins, la suppression de tous les restes \u00e0 charge, le 100 % S\u00e9curit\u00e9 sociale et la reconversion de toute la bureaucratie gestionnaire et comptable (li\u00e9e \u00e0 la T2A), qui a g\u00e9n\u00e9r\u00e9 un surco\u00fbt consid\u00e9rable pour faire moins bien.<\/p>\n\n\n\n<p>Aucune once de l\u2019attention port\u00e9e au patient ne doit \u00eatre d\u00e9tourn\u00e9e, parasit\u00e9e par ces m\u00e9canismes.<\/p>\n\n\n\n<p>L\u2019USP demande \u00e9galement solennellement qu\u2019il en soit fini de ces \u00e9ternelles refontes de la loi concernant l\u2019irresponsabilit\u00e9 p\u00e9nale, qui vont toujours plus loin dans la \u00ab punissabilit\u00e9 \u00bb des malades mentaux.<\/p>\n\n\n\n<p><strong>L\u2019USP appelle donc le 29 novembre 2022 \u00e0 l\u2019unit\u00e9 nationale pour sauver la psychiatrie et le service public de sant\u00e9. Elle manifestera aux cot\u00e9s du SPH, l\u2019IDEPP et le SPEP, mais aussi la CGT, SUD sant\u00e9 sociaux, le Printemps de la psychiatrie et la Coordination des Comit\u00e9s de D\u00e9fense des H\u00f4pitaux et Maternit\u00e9s de Proximit\u00e9.<\/strong><\/p>\n\n\n\n<p>Des ann\u00e9es de politiques n\u00e9olib\u00e9rales successives ont entra\u00een\u00e9 le sous financement et la d\u00e9sorganisation des services publics dans leur globalit\u00e9, elles sont coh\u00e9rentes avec la politique du ruissellement d\u2019\u00ab&nbsp;abord vers le haut&nbsp;\u00bb, l\u2019usage de la pr\u00e9carit\u00e9 comme une arme au travers notamment des lois travail et de la r\u00e9forme de l\u2019assurance ch\u00f4mage.<\/p>\n\n\n\n<p>La souffrance li\u00e9e \u00e0 cette violence participe \u00e0 l\u2019engorgement des CMP&nbsp;; elle est inacceptable.<\/p>\n\n\n\n<p>Il faut, Monsieur le ministre, que cela cesse. L\u2019USP attend une profonde r\u00e9orientation du dialogue avec les acteurs de terrain. Le S\u00e9gur comme les Assises de la sant\u00e9 mentale ont montr\u00e9 leurs limites.<\/p>\n\n\n\n<p>Le syst\u00e8me de sant\u00e9 \u00e9tant \u00e0 genoux, les personnels quel que soit leur statut fuient les h\u00f4pitaux, leur manque de moyens et leur management brutal.<\/p>\n\n\n\n<p>Monsieur, notre inqui\u00e9tude est grande car c\u2019est l\u2019effondrement g\u00e9n\u00e9ralis\u00e9 qui est proche !<\/p>\n\n\n\n<p>L\u2019USP exige un plan et une r\u00e9forme d\u2019ampleur pour l\u2019ensemble du service public de sant\u00e9 et du m\u00e9dicosocial.<\/p>\n\n\n\n<p>Veuillez accepter, Monsieur le ministre, nos salutations syndicales.<\/p>\n\n\n\n<p>Delphine Glachant, pr\u00e9sidente<\/p>\n\n\n\n<p>Pierre Paresys, vice-pr\u00e9sident<\/p>\n\n\n\n<p><a href=\"https:\/\/www.uspsy.fr\/wp-content\/uploads\/2022\/11\/USP_Preavis-de-greve-le-29-novembre-2022.pdf\" data-type=\"URL\" data-id=\"https:\/\/www.uspsy.fr\/wp-content\/uploads\/2022\/11\/USP_Preavis-de-greve-le-29-novembre-2022.pdf\" target=\"_blank\" rel=\"noreferrer noopener\">pour t\u00e9l\u00e9charger le pr\u00e9avis en pdf<\/a><\/p>\n","protected":false},"excerpt":{"rendered":"<p>adress\u00e9 \u00e0 M. Fran\u00e7ois Braun, Ministre de la Sant\u00e9 et de la Pr\u00e9vention Monsieur le&hellip;<\/p>\n","protected":false},"author":1,"featured_media":0,"comment_status":"closed","ping_status":"closed","sticky":false,"template":"","format":"standard","meta":{"footnotes":""},"categories":[591],"tags":[619,615,620,678],"class_list":["post-26870","post","type-post","status-publish","format-standard","hentry","category-communiques-de-presse","tag-greve","tag-hopital-public","tag-psychiatrie-publique","tag-syndicats"],"_links":{"self":[{"href":"https:\/\/www.uspsy.fr\/index.php?rest_route=\/wp\/v2\/posts\/26870","targetHints":{"allow":["GET"]}}],"collection":[{"href":"https:\/\/www.uspsy.fr\/index.php?rest_route=\/wp\/v2\/posts"}],"about":[{"href":"https:\/\/www.uspsy.fr\/index.php?rest_route=\/wp\/v2\/types\/post"}],"author":[{"embeddable":true,"href":"https:\/\/www.uspsy.fr\/index.php?rest_route=\/wp\/v2\/users\/1"}],"replies":[{"embeddable":true,"href":"https:\/\/www.uspsy.fr\/index.php?rest_route=%2Fwp%2Fv2%2Fcomments&post=26870"}],"version-history":[{"count":2,"href":"https:\/\/www.uspsy.fr\/index.php?rest_route=\/wp\/v2\/posts\/26870\/revisions"}],"predecessor-version":[{"id":26875,"href":"https:\/\/www.uspsy.fr\/index.php?rest_route=\/wp\/v2\/posts\/26870\/revisions\/26875"}],"wp:attachment":[{"href":"https:\/\/www.uspsy.fr\/index.php?rest_route=%2Fwp%2Fv2%2Fmedia&parent=26870"}],"wp:term":[{"taxonomy":"category","embeddable":true,"href":"https:\/\/www.uspsy.fr\/index.php?rest_route=%2Fwp%2Fv2%2Fcategories&post=26870"},{"taxonomy":"post_tag","embeddable":true,"href":"https:\/\/www.uspsy.fr\/index.php?rest_route=%2Fwp%2Fv2%2Ftags&post=26870"}],"curies":[{"name":"wp","href":"https:\/\/api.w.org\/{rel}","templated":true}]}}