{"id":27003,"date":"2023-09-11T14:30:20","date_gmt":"2023-09-11T12:30:20","guid":{"rendered":"https:\/\/www.uspsy.fr\/?p=27003"},"modified":"2023-09-11T14:42:54","modified_gmt":"2023-09-11T12:42:54","slug":"tour-de-france-pour-la-sante-un-budget-de-la-securite-sociale-pour-sortir-de-la-crise-sanitaire-et-repondre-aux-besoins-des-populations","status":"publish","type":"post","link":"https:\/\/www.uspsy.fr\/?p=27003","title":{"rendered":"Tour de France pour la Sant\u00e9, un budget de la S\u00e9curit\u00e9 Sociale pour sortir de la crise sanitaire et r\u00e9pondre aux besoins des populations !"},"content":{"rendered":"\n<p>Le collectif Notre Sant\u00e9 en Danger regroupe de nombreux syndicats, collectifs et associations agissant dans le domaine de la sant\u00e9 et du social. Apr\u00e8s avoir fait le \u00ab<small>&nbsp;<\/small>Proc\u00e8s des politiques de sant\u00e9 en France<small>&nbsp;<\/small>\u00bb en avril dernier, ce collectif organise un \u00ab<small>&nbsp;<\/small>Tour de France pour la sant\u00e9<small>&nbsp;<\/small>\u00bb, \u00e0 partir du 11&nbsp;septembre et jusqu\u2019au mois de novembre 2023. L\u2019objectif est de mettre en valeur toutes les initiatives locales d\u00e9fendant le doit \u00e0 la sant\u00e9, en vue de l\u2019\u00e9laboration d\u2019un Projet de loi de financement de la S\u00e9curit\u00e9 sociale alternatif \u00e0 celui que le gouvernement pr\u00e9sente chaque ann\u00e9e \u00e0 l\u2019automne. Ce projet alternatif sera bas\u00e9 sur les besoins des populations et non d\u00e9pendant d\u2019objectifs de contr\u00f4le des d\u00e9penses.<\/p>\n\n\n\n<p>\u00a0L&rsquo;USP soutient et s&rsquo;engage dans le tour de France Sant\u00e9 !<\/p>\n\n\n\n<p>Nous vous invitons \u00e0 nous rejoindre lors de la soir\u00e9e de lancement ce lundi 11 septembre \u00e0 Paris puis \u00e0 participer aux rencontres et manifestations organis\u00e9es lors des \u00e9tapes dans la France enti\u00e8re.<\/p>\n\n\n\n<p><a href=\"https:\/\/www.uspsy.fr\/wp-content\/uploads\/2023\/09\/2023-06-22-Tour-de-France-pour-la-Sante.pdf\" data-type=\"link\" data-id=\"https:\/\/www.uspsy.fr\/wp-content\/uploads\/2023\/09\/2023-06-22-Tour-de-France-pour-la-Sante.pdf\">pour t\u00e9l\u00e9charger le communiqu\u00e9 en pdf<\/a><\/p>\n\n\n\n<p><a href=\"https:\/\/www.uspsy.fr\/wp-content\/uploads\/2023\/09\/2023-09-11-invitation-lancement-Tour-de-France-pour-la-Sante.pdf\" data-type=\"link\" data-id=\"https:\/\/www.uspsy.fr\/wp-content\/uploads\/2023\/09\/2023-09-11-invitation-lancement-Tour-de-France-pour-la-Sante.pdf\">Tour de France : soir\u00e9e de lancement<\/a><\/p>\n","protected":false},"excerpt":{"rendered":"<p>Le collectif Notre Sant\u00e9 en Danger regroupe de nombreux syndicats, collectifs et associations agissant dans&hellip;<\/p>\n","protected":false},"author":1,"featured_media":0,"comment_status":"closed","ping_status":"closed","sticky":false,"template":"","format":"standard","meta":{"footnotes":""},"categories":[591],"tags":[637,648,630],"class_list":["post-27003","post","type-post","status-publish","format-standard","hentry","category-communiques-de-presse","tag-mobilisation","tag-politique-de-la-sante","tag-resistance"],"_links":{"self":[{"href":"https:\/\/www.uspsy.fr\/index.php?rest_route=\/wp\/v2\/posts\/27003","targetHints":{"allow":["GET"]}}],"collection":[{"href":"https:\/\/www.uspsy.fr\/index.php?rest_route=\/wp\/v2\/posts"}],"about":[{"href":"https:\/\/www.uspsy.fr\/index.php?rest_route=\/wp\/v2\/types\/post"}],"author":[{"embeddable":true,"href":"https:\/\/www.uspsy.fr\/index.php?rest_route=\/wp\/v2\/users\/1"}],"replies":[{"embeddable":true,"href":"https:\/\/www.uspsy.fr\/index.php?rest_route=%2Fwp%2Fv2%2Fcomments&post=27003"}],"version-history":[{"count":3,"href":"https:\/\/www.uspsy.fr\/index.php?rest_route=\/wp\/v2\/posts\/27003\/revisions"}],"predecessor-version":[{"id":27009,"href":"https:\/\/www.uspsy.fr\/index.php?rest_route=\/wp\/v2\/posts\/27003\/revisions\/27009"}],"wp:attachment":[{"href":"https:\/\/www.uspsy.fr\/index.php?rest_route=%2Fwp%2Fv2%2Fmedia&parent=27003"}],"wp:term":[{"taxonomy":"category","embeddable":true,"href":"https:\/\/www.uspsy.fr\/index.php?rest_route=%2Fwp%2Fv2%2Fcategories&post=27003"},{"taxonomy":"post_tag","embeddable":true,"href":"https:\/\/www.uspsy.fr\/index.php?rest_route=%2Fwp%2Fv2%2Ftags&post=27003"}],"curies":[{"name":"wp","href":"https:\/\/api.w.org\/{rel}","templated":true}]}}