{"id":27037,"date":"2024-01-16T14:21:24","date_gmt":"2024-01-16T13:21:24","guid":{"rendered":"https:\/\/www.uspsy.fr\/?p=27037"},"modified":"2024-03-19T11:18:03","modified_gmt":"2024-03-19T10:18:03","slug":"39e-congres-annuel-de-lusp-ratages-dans-la-civilisation-table-rase-sur-la-psychiatrie","status":"publish","type":"post","link":"https:\/\/www.uspsy.fr\/?p=27037","title":{"rendered":"39e Congr\u00e8s annuel de l\u2019USP : Ratages dans la civilisation ? Table rase sur la psychiatrie"},"content":{"rendered":"\n<p>Alors que la psychiatrie et la p\u00e9dopsychiatrie alertent depuis de nombreuses ann\u00e9es sur leur \u00e9tat de d\u00e9labrement grandissant, nous constatons, encore en 2023, que la sourde oreille est la seule r\u00e9ponse que nous obtenons des autorit\u00e9s de tutelle, mais aussi plus largement du minist\u00e8re de la Sant\u00e9 et du Gouvernement.<\/p>\n\n\n\n<p>\u00ab Les psychiatres et p\u00e9dopsychiatres, ne font pas leur travail ? \u00bb.<\/p>\n\n\n\n<p>Rappelons la mission de pr\u00e9vention aupr\u00e8s des populations en souffrance psychique mise \u00e0 mal lorsque la p\u00e9nurie de soignants est elle-m\u00eame organis\u00e9e par le syst\u00e8me n\u00e9olib\u00e9ral&#8230;<\/p>\n\n\n\n<p>Pr\u00e9vention point\u00e9e du doigt bien malgr\u00e9 elle lorsque de dramatiques passages \u00e0 l&rsquo;acte sont nomm\u00e9s \u00ab&nbsp;ratage de la psychiatrie \u00bb&#8230;. par le ministre de l&rsquo;Int\u00e9rieur.<\/p>\n\n\n\n<p>Rappelons la mission de soins inh\u00e9rente \u00e0 l&rsquo;ensemble de la psychiatrie.<\/p>\n\n\n\n<p>Aujourd&rsquo;hui, nous constatons des fermetures de lits, de lieux de soins, que vient aggraver une volont\u00e9 de \u00ab mise au pas \u00bb des lieux o\u00f9 des pratiques soignantes \u00e9prouv\u00e9es ont fait preuve de leur efficacit\u00e9 pour accompagner les patients. Volont\u00e9 de standardisation qui r\u00e9pond l\u00e0 encore \u00e0 un imp\u00e9ratif \u00ab&nbsp;d&rsquo;efficience \u00bb pour un \u00ab soin rentable \u00bb dans un \u00ab h\u00f4pital entreprise \u00bb.<\/p>\n\n\n\n<p>Rappelons les missions de r\u00e9adaptation et r\u00e9insertion sociale qu&rsquo;a l&rsquo;h\u00f4pital psychiatrique \u00e0 l&rsquo;\u00e9gard des patients.<\/p>\n\n\n\n<p>Comment aujourd&rsquo;hui accomplir ce travail dans une ambiance pr\u00f4nant l&rsquo;individualisme, l&rsquo;intol\u00e9rance \u00e0 la diff\u00e9rence, \u00e0 l&rsquo;\u00e9tranger, mais aussi au \u00ab fou \u00bb : \u00e0 l&rsquo;unisson le l\u00e9gislateur produit des lois et des d\u00e9crets toujours plus stigmatisants et s\u00e9gr\u00e9gatifs ?<\/p>\n\n\n\n<p>L&rsquo;USP se veut force de propositions en \u00e9laborant des pistes de r\u00e9flexion, d&rsquo;exp\u00e9rimentation, d&rsquo;\u00e9changes \u00e9largis \u00e0 l&rsquo;ensemble des acteurs qui soignent et accompagnent les personnes en souffrance.<\/p>\n\n\n\n<p>Durant deux jours, nous vous proposons d&rsquo;explorer les pistes permettant de construire du sur mesure aupr\u00e8s de nos patients, mais aussi de questionner nos propres \u00ab engagements \u00bb, non seulement en psychiatrie, mais \u00e9galement dans le service public plus largement.<\/p>\n\n\n\n<p><strong>PROGRAMME<\/strong><\/p>\n\n\n\n<p><strong>Vendredi 8 mars<\/strong><\/p>\n\n\n\n<p>9h30 : accueil<\/p>\n\n\n\n<p>10 heures &#8211; 12 heures : rapports<\/p>\n\n\n\n<p>14 heures &#8211; 17 heures : Actualit\u00e9s de la psychiatrie &#8211; Syndicats et collectifs<\/p>\n\n\n\n<p>20 heures \u2013 23 heures : Emmanuel Brassat (philosophe)<\/p>\n\n\n\n<p>Totalit\u00e9, globalit\u00e9, risques totalitaires&nbsp;? Ou le spectre de la modernit\u00e9<\/p>\n\n\n\n<p>Discutantes : Claire Gekiere, Pascale Rosenberg<\/p>\n\n\n\n<p><strong>Samedi 9 mars<\/strong><\/p>\n\n\n\n<p>9 heures \u2013 12 h 30 : Questions syndicales \u2013 Elections professionnelles<\/p>\n\n\n\n<p>14 heures \u2013 17 heures&nbsp;: Reconstruire, r\u00e9nover ou innover&nbsp;: Fondation ou Tiny House&nbsp;?<\/p>\n\n\n\n<p><strong>Dimanche 10 mars<\/strong><\/p>\n\n\n\n<p>10 heures \u00e0 13 heures : Vote des motions<\/p>\n\n\n\n<p><\/p>\n\n\n\n<p><strong>Ce congr\u00e8s sera l&rsquo;occasion de rencontrer plusieurs intervenants, psychiatres et syndicalistes :<\/strong><\/p>\n\n\n\n<p>&#8211; Dr M.-J. Cort\u00e9s (SPH),<\/p>\n\n\n\n<p>&#8211; Mme M. Go\u00fbt (CGT),<\/p>\n\n\n\n<p>&#8211; Dr N. Doudeau (AFFEP)<\/p>\n\n\n\n<p>&#8211; Dr J.-M. de Chaisemartin (psychiatre),<\/p>\n\n\n\n<p>&#8211; Dr F. Drogoul (psychiatre),<\/p>\n\n\n\n<p>&#8211; Dr J.-F. Cibien (APH) (sous r\u00e9serve),<\/p>\n\n\n\n<p>&#8211; Dr B. Chabod psychiatre (sous r\u00e9serve)<\/p>\n\n\n\n<p><strong>Lieu du congr\u00e8s&nbsp;:<\/strong><\/p>\n\n\n\n<p>Institut de th\u00e9ologie protestant, 83 boulevard Arago, 75014 PARIS<\/p>\n\n\n\n<p><a href=\"https:\/\/www.uspsy.fr\/wp-content\/uploads\/2024\/02\/Plaquette-Congres-USP_mars-2024.pdf\" data-type=\"link\" data-id=\"https:\/\/www.uspsy.fr\/wp-content\/uploads\/2024\/01\/Plaquette-Congres-USP_mars-2024.pdf\" target=\"_blank\" rel=\"noreferrer noopener\">pour t\u00e9l\u00e9charger la plaquette en pdf<\/a><\/p>\n\n\n\n<p><a href=\"https:\/\/www.uspsy.fr\/wp-content\/uploads\/2024\/03\/Rapport-dactivite-USP-mars-2023-mars-2024.pdf\" target=\"_blank\" rel=\"noreferrer noopener\">Rapport d&rsquo;activit\u00e9 USP mars 2023- mars 2024<\/a><\/p>\n\n\n\n<p><a href=\"https:\/\/www.uspsy.fr\/wp-content\/uploads\/2024\/03\/Rapport-moral-USP-2023-2024.pdf\" target=\"_blank\" rel=\"noreferrer noopener\">Rapport moral 2023-2024<\/a><\/p>\n\n\n\n<p><a href=\"https:\/\/www.uspsy.fr\/wp-content\/uploads\/2024\/03\/Motion-USP_Elections-professionnelles_mars-2024.pdf\" target=\"_blank\" rel=\"noreferrer noopener\">Motion USP_Elections professionnelles_mars 2024<\/a><\/p>\n\n\n\n<p><a href=\"https:\/\/www.uspsy.fr\/wp-content\/uploads\/2024\/03\/Motion-USP_Les-medecins-etrangers_mars-2024.pdf\">Motion USP_Les m\u00e9decins <\/a><a href=\"https:\/\/www.uspsy.fr\/wp-content\/uploads\/2024\/03\/Motion-USP_Les-medecins-etrangers_mars-2024.pdf\" target=\"_blank\" rel=\"noreferrer noopener\">\u00e9trangers_mars<\/a><a href=\"https:\/\/www.uspsy.fr\/wp-content\/uploads\/2024\/03\/Motion-USP_Les-medecins-etrangers_mars-2024.pdf\"> 2024<\/a><\/p>\n\n\n\n<p><a href=\"https:\/\/www.uspsy.fr\/wp-content\/uploads\/2024\/03\/Motion-USP_Leurre-de-soins-pour-les-plus-jeunes_mars-2024.pdf\" data-type=\"link\" data-id=\"https:\/\/www.uspsy.fr\/wp-content\/uploads\/2024\/03\/Motion-USP_Leurre-de-soins-pour-les-plus-jeunes_mars-2024.pdf\">Motion USP_Leurre de soins pour les plus <\/a><a href=\"https:\/\/www.uspsy.fr\/wp-content\/uploads\/2024\/03\/Motion-USP_Leurre-de-soins-pour-les-plus-jeunes_mars-2024.pdf\" data-type=\"link\" data-id=\"https:\/\/www.uspsy.fr\/wp-content\/uploads\/2024\/03\/Motion-USP_Leurre-de-soins-pour-les-plus-jeunes_mars-2024.pdf\" target=\"_blank\" rel=\"noreferrer noopener\">jeunes_mars<\/a><a href=\"https:\/\/www.uspsy.fr\/wp-content\/uploads\/2024\/03\/Motion-USP_Leurre-de-soins-pour-les-plus-jeunes_mars-2024.pdf\" data-type=\"link\" data-id=\"https:\/\/www.uspsy.fr\/wp-content\/uploads\/2024\/03\/Motion-USP_Leurre-de-soins-pour-les-plus-jeunes_mars-2024.pdf\"> 2024<\/a><\/p>\n\n\n\n<p><a href=\"https:\/\/www.uspsy.fr\/wp-content\/uploads\/2024\/03\/Motion-USP_Resister-et-creer_mars-2024.pdf\">Motion USP_R\u00e9sister et <\/a><a href=\"https:\/\/www.uspsy.fr\/wp-content\/uploads\/2024\/03\/Motion-USP_Resister-et-creer_mars-2024.pdf\" target=\"_blank\" rel=\"noreferrer noopener\">cr\u00e9er_mars<\/a><a href=\"https:\/\/www.uspsy.fr\/wp-content\/uploads\/2024\/03\/Motion-USP_Resister-et-creer_mars-2024.pdf\"> 2024<\/a><\/p>\n\n\n\n<p><a href=\"https:\/\/www.uspsy.fr\/wp-content\/uploads\/2024\/03\/Motion-USP_Reste-a-charge_mars-2024.pdf\" target=\"_blank\" rel=\"noreferrer noopener\">Motion USP_Reste \u00e0 charge_mars 2024<\/a><\/p>\n\n\n\n<p><a href=\"https:\/\/www.uspsy.fr\/wp-content\/uploads\/2024\/03\/Motion-USP_Scientisme-un-jour-scientisme-toujours_mars-2024.pdf\" target=\"_blank\" rel=\"noreferrer noopener\">Motion USP_Scientisme un jour, scientisme toujours_mars 2024<\/a><\/p>\n\n\n\n<p><a href=\"https:\/\/www.uspsy.fr\/wp-content\/uploads\/2024\/03\/Motion-USP_Secu-convention-et-acces-aux-soins-en-medecine-de-ville.pdf\" target=\"_blank\" rel=\"noreferrer noopener\">Motion USP_S\u00e9cu, convention et acc\u00e8s aux soins en m\u00e9decine de ville<\/a><\/p>\n\n\n\n<p><a href=\"https:\/\/www.uspsy.fr\/wp-content\/uploads\/2024\/03\/Motion-USP_Centre-de-diagnostic-centre-de-tri_mars-2024.pdf\" target=\"_blank\" rel=\"noreferrer noopener\">Motion UPS_Centre de diagnostic, centre de tri ?<\/a><\/p>\n","protected":false},"excerpt":{"rendered":"<p>Alors que la psychiatrie et la p\u00e9dopsychiatrie alertent depuis de nombreuses ann\u00e9es sur leur \u00e9tat&hellip;<\/p>\n","protected":false},"author":1,"featured_media":0,"comment_status":"closed","ping_status":"closed","sticky":false,"template":"","format":"standard","meta":{"footnotes":""},"categories":[590],"tags":[],"class_list":["post-27037","post","type-post","status-publish","format-standard","hentry","category-motions-et-congres"],"_links":{"self":[{"href":"https:\/\/www.uspsy.fr\/index.php?rest_route=\/wp\/v2\/posts\/27037","targetHints":{"allow":["GET"]}}],"collection":[{"href":"https:\/\/www.uspsy.fr\/index.php?rest_route=\/wp\/v2\/posts"}],"about":[{"href":"https:\/\/www.uspsy.fr\/index.php?rest_route=\/wp\/v2\/types\/post"}],"author":[{"embeddable":true,"href":"https:\/\/www.uspsy.fr\/index.php?rest_route=\/wp\/v2\/users\/1"}],"replies":[{"embeddable":true,"href":"https:\/\/www.uspsy.fr\/index.php?rest_route=%2Fwp%2Fv2%2Fcomments&post=27037"}],"version-history":[{"count":8,"href":"https:\/\/www.uspsy.fr\/index.php?rest_route=\/wp\/v2\/posts\/27037\/revisions"}],"predecessor-version":[{"id":27066,"href":"https:\/\/www.uspsy.fr\/index.php?rest_route=\/wp\/v2\/posts\/27037\/revisions\/27066"}],"wp:attachment":[{"href":"https:\/\/www.uspsy.fr\/index.php?rest_route=%2Fwp%2Fv2%2Fmedia&parent=27037"}],"wp:term":[{"taxonomy":"category","embeddable":true,"href":"https:\/\/www.uspsy.fr\/index.php?rest_route=%2Fwp%2Fv2%2Fcategories&post=27037"},{"taxonomy":"post_tag","embeddable":true,"href":"https:\/\/www.uspsy.fr\/index.php?rest_route=%2Fwp%2Fv2%2Ftags&post=27037"}],"curies":[{"name":"wp","href":"https:\/\/api.w.org\/{rel}","templated":true}]}}