{"id":27102,"date":"2024-06-13T15:27:19","date_gmt":"2024-06-13T13:27:19","guid":{"rendered":"https:\/\/www.uspsy.fr\/?p=27102"},"modified":"2024-06-13T15:27:19","modified_gmt":"2024-06-13T13:27:19","slug":"nous-pouvons-et-devons-resister","status":"publish","type":"post","link":"https:\/\/www.uspsy.fr\/?p=27102","title":{"rendered":"Nous pouvons et devons r\u00e9sister"},"content":{"rendered":"\n<p>Le r\u00e9sultat des \u00e9lections europ\u00e9ennes de dimanche dernier a \u00e9t\u00e9 gla\u00e7ant&nbsp;: l&rsquo;extr\u00eame-droite non seulement d\u00e9passe les 40&nbsp;%, mais elle montre une implantation locale et un dynamisme in\u00e9dit.<\/p>\n\n\n\n<p>Il y a danger&nbsp;!<\/p>\n\n\n\n<p>Nous avons d\u00e9nonc\u00e9 le RN dans le pass\u00e9, notamment lors des pr\u00e9sidentielles de 2022. Sa volont\u00e9 de supprimer l&rsquo;Aide m\u00e9dicale d\u2019\u00c9tat, ses attaques des m\u00e9decins \u00e9trangers, la discrimination dans l&rsquo;acc\u00e8s aux soins illustrent son programme en mati\u00e8re de sant\u00e9. Ses votes au Parlement fran\u00e7ais et au Parlement europ\u00e9en montrent un soutien aux politiques n\u00e9olib\u00e9rales, aux politiques de privatisation de la sant\u00e9, contrairement \u00e0 ce qu&rsquo;ils affirment effront\u00e9ment.<\/p>\n\n\n\n<p>Les gouvernements n\u00e9olib\u00e9raux successifs sont certes responsables de la crise majeure de la politique de sant\u00e9 mentale que nous subissons, de ce d\u00e9sastre qui empire toujours plus. Les engagements du RN montrent qu&rsquo;ils proposent une radicalisation encore plus rapide et violente de ces politiques destructrices.<\/p>\n\n\n\n<p>C&rsquo;est cela le programme \u00ab&nbsp;social&nbsp;\u00bb de ce parti raciste, x\u00e9nophobe, qui se f\u00e9licite que la M\u00e9diterran\u00e9e soit un cimeti\u00e8re pour tant de migrants.<\/p>\n\n\n\n<p>Depuis des ann\u00e9es, dans les m\u00e9dias dominants, pas seulement ceux qui sont les amis inconditionnels de ces extr\u00e9mistes, on a parl\u00e9 de \u00ab&nbsp;d\u00e9diabolisation&nbsp;\u00bb du RN. Comme si les comparer aux fascistes \u00e9tait une offense pour eux&#8230; Ils ont largement gagn\u00e9 cette bataille id\u00e9ologique. Pour nous psychiatres qui travaillons avec la langue comme principal outil th\u00e9rapeutique, cette utilisation syst\u00e9matique, \u00e0 l&rsquo;\u00e9chelle de la soci\u00e9t\u00e9,&nbsp; du mensonge a un effet d\u00e9l\u00e9t\u00e8re que nous nous devons de d\u00e9noncer.<\/p>\n\n\n\n<p>La riposte prend forme. Nous soutenons toutes les initiatives non violentes permettant d\u2019inverser le rapport de force dont&nbsp;:<\/p>\n\n\n\n<p>L\u2019appel \u00e0 un front populaire.<\/p>\n\n\n\n<p>L&rsquo;appel \u00e0 manifester de l&rsquo;intersyndicale nationale et des organisations de d\u00e9fense des droits humains.&nbsp;<\/p>\n\n\n\n<p>Nous rejoignons ses propositions de justice sociale et de lutte contre les discriminations.<\/p>\n\n\n\n<p>Pour les libert\u00e9s, l&rsquo;\u00e9galit\u00e9, la d\u00e9fense des communs&nbsp;! Pour la fraternit\u00e9 et la sororit\u00e9 entre humains.<\/p>\n\n\n\n<p>Dr Pascal BOISSEL, Vice-pr\u00e9sident de l\u2019USP\u00a0<\/p>\n\n\n\n<p>Dr Charles Olivier PONS, Pr\u00e9sident de l\u2019USP<\/p>\n\n\n\n<p>Dr Pierre PARESYS, Vice-pr\u00e9sident de l\u2019USP<\/p>\n\n\n\n<p>Dr Philippe GASSER, Membre du CN de l\u2019USP<\/p>\n\n\n\n<p><a href=\"https:\/\/www.uspsy.fr\/wp-content\/uploads\/2024\/06\/Communique-de-lUSP_Nous-pouvons-et-devons-resister.pdf\">pour t\u00e9l\u00e9charger le communiqu\u00e9 en pdf<\/a><\/p>\n","protected":false},"excerpt":{"rendered":"<p>Le r\u00e9sultat des \u00e9lections europ\u00e9ennes de dimanche dernier a \u00e9t\u00e9 gla\u00e7ant&nbsp;: l&rsquo;extr\u00eame-droite non seulement d\u00e9passe&hellip;<\/p>\n","protected":false},"author":1,"featured_media":0,"comment_status":"closed","ping_status":"closed","sticky":false,"template":"","format":"standard","meta":{"footnotes":""},"categories":[591],"tags":[665,637,648],"class_list":["post-27102","post","type-post","status-publish","format-standard","hentry","category-communiques-de-presse","tag-elections-legislatives","tag-mobilisation","tag-politique-de-la-sante"],"_links":{"self":[{"href":"https:\/\/www.uspsy.fr\/index.php?rest_route=\/wp\/v2\/posts\/27102","targetHints":{"allow":["GET"]}}],"collection":[{"href":"https:\/\/www.uspsy.fr\/index.php?rest_route=\/wp\/v2\/posts"}],"about":[{"href":"https:\/\/www.uspsy.fr\/index.php?rest_route=\/wp\/v2\/types\/post"}],"author":[{"embeddable":true,"href":"https:\/\/www.uspsy.fr\/index.php?rest_route=\/wp\/v2\/users\/1"}],"replies":[{"embeddable":true,"href":"https:\/\/www.uspsy.fr\/index.php?rest_route=%2Fwp%2Fv2%2Fcomments&post=27102"}],"version-history":[{"count":2,"href":"https:\/\/www.uspsy.fr\/index.php?rest_route=\/wp\/v2\/posts\/27102\/revisions"}],"predecessor-version":[{"id":27105,"href":"https:\/\/www.uspsy.fr\/index.php?rest_route=\/wp\/v2\/posts\/27102\/revisions\/27105"}],"wp:attachment":[{"href":"https:\/\/www.uspsy.fr\/index.php?rest_route=%2Fwp%2Fv2%2Fmedia&parent=27102"}],"wp:term":[{"taxonomy":"category","embeddable":true,"href":"https:\/\/www.uspsy.fr\/index.php?rest_route=%2Fwp%2Fv2%2Fcategories&post=27102"},{"taxonomy":"post_tag","embeddable":true,"href":"https:\/\/www.uspsy.fr\/index.php?rest_route=%2Fwp%2Fv2%2Ftags&post=27102"}],"curies":[{"name":"wp","href":"https:\/\/api.w.org\/{rel}","templated":true}]}}