{"id":27233,"date":"2025-06-30T12:31:19","date_gmt":"2025-06-30T10:31:19","guid":{"rendered":"https:\/\/www.uspsy.fr\/?p=27233"},"modified":"2025-06-30T12:31:19","modified_gmt":"2025-06-30T10:31:19","slug":"deperir-saigner-deconstruire","status":"publish","type":"post","link":"https:\/\/www.uspsy.fr\/?p=27233","title":{"rendered":"D\u00e9p\u00e9rir, saigner, d\u00e9construire"},"content":{"rendered":"\n<p>Alors que la Sant\u00e9 mentale est la grande cause 2025, l&rsquo;USP d\u00e9nonce une fois de plus la volont\u00e9 de mettre \u00e0 bas la psychiatrie publique.<\/p>\n\n\n\n<p>M. Neuder \u00e0 travers une s\u00e9rie de propositions r\u00e9unies dans le dossier de presse \u00ab Sant\u00e9 Mentale et Psychiatrie&nbsp;: rep\u00e9rer, soigner, reconstruire&nbsp;\u00bb paru en juin 2025, continue la politique de destruction volontaire de la pr\u00e9vention de la Sant\u00e9 mentale et du soin en psychiatrie.<\/p>\n\n\n\n<p>Ce rapport n&rsquo;apporte aucun espoir d&rsquo;am\u00e9lioration de l&rsquo;offre de soins. Il est aliment\u00e9 des m\u00eames \u00e9l\u00e9ments de langages mystifiants qui cherchent \u00e0 cacher aux Fran\u00e7ais une sp\u00e9cialit\u00e9 exsangue car laiss\u00e9e pour compte par les dirigeants depuis des ann\u00e9es.<\/p>\n\n\n\n<p>Sa lecture pr\u00f4ne la mise en place de diff\u00e9rents moyens et dispositifs \u00e0 budget constant.<\/p>\n\n\n\n<p>Pour qui nous prend-on&nbsp;? O\u00f9 est le respect pour les patients&nbsp;?<\/p>\n\n\n\n<p>Aujourd&rsquo;hui, nombre de services de psychiatrie publique ferment leurs portes, acc\u00e9l\u00e9rant cette destruction voulue par une volont\u00e9 n\u00e9olib\u00e9rale de rentabilit\u00e9 qui n&rsquo;a pas sa place \u00e0 l&rsquo;h\u00f4pital public et encore moins en psychiatrie et p\u00e9dopsychiatrie.<\/p>\n\n\n\n<p>L&rsquo;USP d\u00e9nonce cette nouvelle op\u00e9ration de communication qui confine \u00e0 l&rsquo;imposture intellectuelle.<\/p>\n\n\n\n<p>L&rsquo;USP demande instamment&nbsp;:<\/p>\n\n\n\n<ul class=\"wp-block-list\">\n<li>Une compensation des sous financements de la psychiatrie publique (garantie d&rsquo;un budget global p\u00e9renne et \u00e0 hauteur des besoins, pour chaque \u00e9tablissement).<\/li>\n\n\n\n<li>Un arr\u00eat de la fermeture des services et des lits de psychiatrie notamment en recrutant des professionnels.<\/li>\n\n\n\n<li>Donner les moyens de la pr\u00e9vention, par le maintien ou la r\u00e9ouverture des lieux de consultation, et les moyens du soin \u00e0 temps complet en soutenant l&rsquo;hospitalisation compl\u00e8te, sans la livrer au priv\u00e9 lucratif.<\/li>\n\n\n\n<li>Le recrutement en nombre de psychologues cliniciens pour les secteurs de psy adulte et enfants-adolescents.<\/li>\n<\/ul>\n\n\n\n<p>L&rsquo;USP rappelle son opposition au dispositif \u00ab&nbsp;mon soutien psy&nbsp;\u00bb, v\u00e9ritable imposture qui ne prend aucunement en compte la dimension temporelle psychoth\u00e9rapeutique au profit, \u00e0 l&rsquo;inverse, d&rsquo;un leurre politique et m\u00e9diatique (s\u00e9lection des psychologues conventionn\u00e9s, s\u00e9lection du patient (crit\u00e8res d&rsquo;exclusion \u00e0 l&rsquo;acc\u00e8s des ayants droits&#8230;).<\/p>\n\n\n\n<p>Monsieur Neuder, on ne peut pas r\u00e9parer, soigner et reconstruire sans moyen humain et \u00e0 budget contraint, c&rsquo;est cela la r\u00e9alit\u00e9 de la vraie vie.<\/p>\n\n\n\n<p>Charles-Olivier PONS, pr\u00e9sident<\/p>\n\n\n\n<p>Delphine GLACHANT, vice-pr\u00e9sidente<\/p>\n\n\n\n<p>Pierre PARESYS, vice-pr\u00e9sident<\/p>\n\n\n\n<p><a href=\"https:\/\/www.uspsy.fr\/wp-content\/uploads\/2025\/06\/Communique-de-lUSP_Deperir-saigner-deconstruire_30-juin-2025.pdf\">pour t\u00e9l\u00e9charger le communiqu\u00e9 en pdf<\/a><\/p>\n","protected":false},"excerpt":{"rendered":"<p>Alors que la Sant\u00e9 mentale est la grande cause 2025, l&rsquo;USP d\u00e9nonce une fois de&hellip;<\/p>\n","protected":false},"author":1,"featured_media":0,"comment_status":"closed","ping_status":"closed","sticky":false,"template":"","format":"standard","meta":{"footnotes":""},"categories":[591],"tags":[648,620,684],"class_list":["post-27233","post","type-post","status-publish","format-standard","hentry","category-communiques-de-presse","tag-politique-de-la-sante","tag-psychiatrie-publique","tag-sante-mentale"],"_links":{"self":[{"href":"https:\/\/www.uspsy.fr\/index.php?rest_route=\/wp\/v2\/posts\/27233","targetHints":{"allow":["GET"]}}],"collection":[{"href":"https:\/\/www.uspsy.fr\/index.php?rest_route=\/wp\/v2\/posts"}],"about":[{"href":"https:\/\/www.uspsy.fr\/index.php?rest_route=\/wp\/v2\/types\/post"}],"author":[{"embeddable":true,"href":"https:\/\/www.uspsy.fr\/index.php?rest_route=\/wp\/v2\/users\/1"}],"replies":[{"embeddable":true,"href":"https:\/\/www.uspsy.fr\/index.php?rest_route=%2Fwp%2Fv2%2Fcomments&post=27233"}],"version-history":[{"count":1,"href":"https:\/\/www.uspsy.fr\/index.php?rest_route=\/wp\/v2\/posts\/27233\/revisions"}],"predecessor-version":[{"id":27234,"href":"https:\/\/www.uspsy.fr\/index.php?rest_route=\/wp\/v2\/posts\/27233\/revisions\/27234"}],"wp:attachment":[{"href":"https:\/\/www.uspsy.fr\/index.php?rest_route=%2Fwp%2Fv2%2Fmedia&parent=27233"}],"wp:term":[{"taxonomy":"category","embeddable":true,"href":"https:\/\/www.uspsy.fr\/index.php?rest_route=%2Fwp%2Fv2%2Fcategories&post=27233"},{"taxonomy":"post_tag","embeddable":true,"href":"https:\/\/www.uspsy.fr\/index.php?rest_route=%2Fwp%2Fv2%2Ftags&post=27233"}],"curies":[{"name":"wp","href":"https:\/\/api.w.org\/{rel}","templated":true}]}}