{"id":27298,"date":"2026-01-27T16:03:19","date_gmt":"2026-01-27T15:03:19","guid":{"rendered":"https:\/\/www.uspsy.fr\/?p=27298"},"modified":"2026-01-29T11:24:58","modified_gmt":"2026-01-29T10:24:58","slug":"lunion-syndicale-de-la-psychiatrie-rappelle-les-promesses-du-nouveau-front-populaire","status":"publish","type":"post","link":"https:\/\/www.uspsy.fr\/?p=27298","title":{"rendered":"L\u2019Union Syndicale de la Psychiatrie rappelle les promesses du Nouveau Front Populaire"},"content":{"rendered":"\n<p>Lors des l\u00e9gislatives de juin-juillet 2024, faisant suite \u00e0 la dissolution de l\u2019Assembl\u00e9e nationale, les diff\u00e9rentes forces politiques de gauche se sont alli\u00e9es au sein du Nouveau Front Populaire,&nbsp;face au danger de l&rsquo;extr\u00eame-droite, face au danger repr\u00e9sent\u00e9 par le RN. \u00c0 cette occasion, elles ont fait appel \u00e0 toutes les organisations citoyennes sympathisantes, afin de soutenir un programme commun, seul capable de rivaliser avec la mont\u00e9e du Rassemblement national et de ses id\u00e9es x\u00e9nophobes, racistes et antir\u00e9publicaines.<\/p>\n\n\n\n<p>L\u2019Union Syndicale de la Psychiatrie, \u00e0 l\u2019instar de nombre de syndicats, collectifs et associations, est alors sortie de sa r\u00e9serve pour appeler \u00e0 voter pour le Nouveau Front Populaire, tout en exhortant les forces composant cette alliance de tenir leurs promesses.&nbsp;Depuis, le RN n&rsquo;a&nbsp;cess\u00e9&nbsp;de progresser,&nbsp;avec le soutien de m\u00e9dias li\u00e9s \u00e0 monsieur Bollor\u00e9, avec le soutien de nombre d&rsquo;autres capitalistes de premier plan, avec l&rsquo;amicale complicit\u00e9 des droites. Au point que, dans la presse, dans les discussions, la victoire \u00e9lectorale du RN lors des prochaines pr\u00e9sidentielles est discut\u00e9e comme \u00e9tant une hypoth\u00e8se vraisemblable.&nbsp;<\/p>\n\n\n\n<p>Alors aujourd\u2019hui, force est de constater l\u2019\u00e9chec du NFP, du fait de calculs politiciens, tant au niveau national que local, avec pour cons\u00e9quences la poursuite de la casse des services publics partout sur le territoire, ainsi que la poursuite de l\u2019ascension quasi in\u00e9luctable d\u2019un climat x\u00e9nophobe et autoritaire.<\/p>\n\n\n\n<p>Le 23 mai 2022, l\u2019USP, dans un <a href=\"https:\/\/www.uspsy.fr\/?p=26788\">communiqu\u00e9<\/a>, appelait&nbsp;\u00e0 \u00ab voter pour \u00bb aux l\u00e9gislatives. Depuis, le rapport de force \u00e0 l\u2019Assembl\u00e9e nationale n\u2019a pas permis le vote de recettes indispensables au r\u00e9tablissement du service public de sant\u00e9 et plus g\u00e9n\u00e9ralement des services publics. L\u2019alliance des droites et de l\u2019extr\u00eame droite ont pu bloquer&nbsp;toutes les orientations en ce sens, avec le soutien de la droite majoritaire au S\u00e9nat.&nbsp;<\/p>\n\n\n\n<p>Seule une inversion du rapport de force qui commence avec les municipales suivies des s\u00e9natoriales dont le renouvellement d\u00e9pend des majorit\u00e9s locales notamment municipales permettra d\u2019atteindre ces objectifs.<\/p>\n\n\n\n<p>L\u2019Union Syndicale de la Psychiatrie tient \u00e0 rappeler les forces politiques de gauche \u00e0 leurs promesses, dans l\u2019int\u00e9r\u00eat des citoyens, notamment en vue des \u00e9lections municipales. Elle r\u00e9affirme avec une certaine solennit\u00e9 son engagement contre l&rsquo;extr\u00eame-droite, pour nos valeurs d&rsquo;\u00e9galit\u00e9 et de solidarit\u00e9.<\/p>\n\n\n\n<div class=\"wp-block-group is-nowrap is-layout-flex wp-container-core-group-is-layout-ad2f72ca wp-block-group-is-layout-flex\">\n<p>Charles-Olivier Pons, pr\u00e9sident <\/p>\n\n\n\n<p>Magali Mallen, membre du CN <\/p>\n\n\n\n<p>Pascal Boissel, vice-pr\u00e9sident<\/p>\n\n\n\n<p>Pierre Paresys, vice-pr\u00e9sident<\/p>\n<\/div>\n\n\n\n<p><a href=\"https:\/\/www.uspsy.fr\/wp-content\/uploads\/2026\/01\/Communique-de-lUSP_Promesses-du-NFP_27-janvier-2026.pdf\">pour t\u00e9l\u00e9charger le communiqu\u00e9 en pdf<\/a><\/p>\n","protected":false},"excerpt":{"rendered":"<p>Lors des l\u00e9gislatives de juin-juillet 2024, faisant suite \u00e0 la dissolution de l\u2019Assembl\u00e9e nationale, les&hellip;<\/p>\n","protected":false},"author":1,"featured_media":0,"comment_status":"closed","ping_status":"closed","sticky":false,"template":"","format":"standard","meta":{"footnotes":""},"categories":[591],"tags":[757,758,759,648],"class_list":["post-27298","post","type-post","status-publish","format-standard","hentry","category-communiques-de-presse","tag-appel-aux-politiques","tag-casse-du-service-public","tag-nouveau-front-populaire","tag-politique-de-la-sante"],"_links":{"self":[{"href":"https:\/\/www.uspsy.fr\/index.php?rest_route=\/wp\/v2\/posts\/27298","targetHints":{"allow":["GET"]}}],"collection":[{"href":"https:\/\/www.uspsy.fr\/index.php?rest_route=\/wp\/v2\/posts"}],"about":[{"href":"https:\/\/www.uspsy.fr\/index.php?rest_route=\/wp\/v2\/types\/post"}],"author":[{"embeddable":true,"href":"https:\/\/www.uspsy.fr\/index.php?rest_route=\/wp\/v2\/users\/1"}],"replies":[{"embeddable":true,"href":"https:\/\/www.uspsy.fr\/index.php?rest_route=%2Fwp%2Fv2%2Fcomments&post=27298"}],"version-history":[{"count":3,"href":"https:\/\/www.uspsy.fr\/index.php?rest_route=\/wp\/v2\/posts\/27298\/revisions"}],"predecessor-version":[{"id":27303,"href":"https:\/\/www.uspsy.fr\/index.php?rest_route=\/wp\/v2\/posts\/27298\/revisions\/27303"}],"wp:attachment":[{"href":"https:\/\/www.uspsy.fr\/index.php?rest_route=%2Fwp%2Fv2%2Fmedia&parent=27298"}],"wp:term":[{"taxonomy":"category","embeddable":true,"href":"https:\/\/www.uspsy.fr\/index.php?rest_route=%2Fwp%2Fv2%2Fcategories&post=27298"},{"taxonomy":"post_tag","embeddable":true,"href":"https:\/\/www.uspsy.fr\/index.php?rest_route=%2Fwp%2Fv2%2Ftags&post=27298"}],"curies":[{"name":"wp","href":"https:\/\/api.w.org\/{rel}","templated":true}]}}