{"id":27371,"date":"2026-09-03T13:11:55","date_gmt":"2026-09-03T11:11:55","guid":{"rendered":"https:\/\/www.uspsy.fr\/?p=27371"},"modified":"2026-09-03T13:11:56","modified_gmt":"2026-09-03T11:11:56","slug":"communique-idepp-spep-sph-et-usp-appel-a-une-journee-de-mobilisation-et-de-greve-des-psychiatres-publics-le-jeudi-17-septembre-2026","status":"publish","type":"post","link":"https:\/\/www.uspsy.fr\/?p=27371","title":{"rendered":"Communiqu\u00e9 IDEPP, SPEP, SPH et USP : Appel \u00e0 une journ\u00e9e de mobilisation et de gr\u00e8ve des psychiatres publics le jeudi 17 septembre 2026"},"content":{"rendered":"\n<p class=\"wp-block-paragraph\">La Psychiatrie Publique traverse une crise profonde qui s&rsquo;aggrave d&rsquo;ann\u00e9e en ann\u00e9e :<\/p>\n\n\n\n<p class=\"wp-block-paragraph\">&#8211; Crise des effectifs (30% des postes de PH ne sont pas pourvus).<\/p>\n\n\n\n<p class=\"wp-block-paragraph\">&#8211; Crise des vocations (15% des postes d&rsquo;internes ne sont pas pourvus).<\/p>\n\n\n\n<p class=\"wp-block-paragraph\">&#8211; Crise capacitaire (il manque environ 10.000 lits d&rsquo;hospitalisation et des centaines des patients restent plusieurs jours aux Urgences en attendant qu&rsquo;un lit se lib\u00e8re).<\/p>\n\n\n\n<p class=\"wp-block-paragraph\">&#8211; Crise budg\u00e9taire (la plus faible progression de l&rsquo;ONDAM toutes disciplines confondues).<\/p>\n\n\n\n<p class=\"wp-block-paragraph\">&#8211; Crise institutionnelle (attaques et d\u00e9mant\u00e8lement du secteur et de ses structures par couches successives, destruction de la psychiatrie bas\u00e9e sur la pluralit\u00e9 des mod\u00e8les et des pratiques).<\/p>\n\n\n\n<p class=\"wp-block-paragraph\">&#8211; Crise de reconnaissance (d\u00e9nigrement r\u00e9gulier de nos instances repr\u00e9sentatives nationales : CNP, syndicats des PH).<\/p>\n\n\n\n<p class=\"wp-block-paragraph\">&#8211; Crise des moyens, des ressources et des r\u00e9mun\u00e9rations.<\/p>\n\n\n\n<p class=\"wp-block-paragraph\">A cela s&rsquo;ajoutent<\/p>\n\n\n\n<p class=\"wp-block-paragraph\">&#8211; Une v\u00e9tust\u00e9 parfois criante des locaux et des \u00e9quipements.<\/p>\n\n\n\n<p class=\"wp-block-paragraph\">&#8211; Une augmentation constante de nos files actives tant ambulatoires (plus de 2.000.000 de patients suivis dans nos CMP dont les listes d&rsquo;attente s&rsquo;allongent de mani\u00e8re pr\u00e9occupante) qu&rsquo;en hospitalisation (480.000 patients hospitalis\u00e9s\/an).<\/p>\n\n\n\n<p class=\"wp-block-paragraph\">&#8211; Des missions nouvelles qui s&rsquo;ajoutent sur notre discipline (radicalis\u00e9s, coupe-file jeunes, z\u00e9ro contention etc..).<\/p>\n\n\n\n<p class=\"wp-block-paragraph\">&#8211; Une survalorisation des structures de type centres experts souvent \u00e0 distance des populations desservies.<\/p>\n\n\n\n<p class=\"wp-block-paragraph\">Nous avons \u00e0 plusieurs reprises alert\u00e9 les ministres successifs, r\u00e9dig\u00e9 des rapports (souvent \u00e0 leur demande) qui sont rest\u00e9s sans suite aucune. De plus, des annonces parfois maladroites ont davantage d\u00e9courag\u00e9 les professionnels de terrain d\u00e9j\u00e0 exsangues par une charge de travail immense (voir notre rapport au Ministre BRAUN) et se sentent pas reconnus.<\/p>\n\n\n\n<p class=\"wp-block-paragraph\">Nous demandons un dialogue constructif avec le gouvernement, la co-construction d&rsquo;un plan pluriannuel de redressement de la psychiatrie publique, la reconnaissance et le respect de ses instances repr\u00e9sentatives et de ses syndicats.<\/p>\n\n\n\n<p class=\"wp-block-paragraph\">Nous demandons par ailleurs et en urgence la revalorisation de nos revenus et la reconnaissance de la p\u00e9nibilit\u00e9 de la psychiatrie de service public, clef de la lutte contre la d\u00e9saffection de notre discipline.<\/p>\n\n\n\n<p class=\"wp-block-paragraph\">Nous demandons une augmentation significative de la capacit\u00e9 en lits d&rsquo;hospitalisation et en places pour l&rsquo;extra-hospitalier.<\/p>\n\n\n\n<p class=\"wp-block-paragraph\">Nous demandons enfin la facilitation et la consolidation de l&rsquo;acc\u00e8s aux soins au plus pr\u00e8s des patients, dans les CMP, pour assurer des prises en charge \u00e9vitant les ruptures.<\/p>\n\n\n\n<p class=\"wp-block-paragraph\">Devant cette situation catastrophique qui dure et pour faire entendre que l&rsquo;\u00e9tat la psychiatrie publique est devenue une Urgence R\u00e9publicaine, nous appelons \u00e0 une journ\u00e9e d&rsquo;action et de mobilisation des PH en psychiatrie et nous d\u00e9posons un&nbsp;<strong>pr\u00e9avis de gr\u00e8ve pour la journ\u00e9e du 17 septembre 2026<\/strong>.<\/p>\n\n\n\n<p class=\"wp-block-paragraph\"><strong>Norbert SKURNIK<\/strong> <strong>\u2013 St\u00e9phane BOURCET<\/strong> &#8211; <strong>Intersyndicale de la D\u00e9fense de la Psychiatrie Publique (IDEPP)<\/strong><\/p>\n\n\n\n<p class=\"wp-block-paragraph\"><strong>Gabrielle ALLIO<\/strong> <strong>\u2013<\/strong> <strong>Michel TRIANTAFYLLOU<\/strong> &#8211; <strong>Syndicat des Psychiatres d\u2019Exercice Public (SPEP)<\/strong><\/p>\n\n\n\n<p class=\"wp-block-paragraph\"><strong>Marie-Jos\u00e9<\/strong> <strong>CORT\u00c8S \u2013 St\u00e9phane HENRIETTE<\/strong> &#8211; <strong>Syndicat des Psychiatres des H\u00f4pitaux (SPH)<\/strong><\/p>\n\n\n\n<p class=\"wp-block-paragraph\"><strong>Charles-Olivier PONS<\/strong> <strong>\u2013<\/strong> <strong>Delphine GLACHANT<\/strong> &#8211; <strong>Union Syndicale de la Psychiatrie (USP)<\/strong><\/p>\n\n\n\n<p class=\"wp-block-paragraph\"><a href=\"https:\/\/www.uspsy.fr\/wp-content\/uploads\/2026\/09\/Communique-commun_Appel-a-mobilisation-le-17-septembre-2026_1er-septembre-2026.pdf\">pour t\u00e9l\u00e9charger le communiqu\u00e9 en pdf<\/a><\/p>\n","protected":false},"excerpt":{"rendered":"<p>La Psychiatrie Publique traverse une crise profonde qui s&rsquo;aggrave d&rsquo;ann\u00e9e en ann\u00e9e : &#8211; Crise&hellip;<\/p>\n","protected":false},"author":1,"featured_media":0,"comment_status":"closed","ping_status":"closed","sticky":false,"template":"","format":"standard","meta":{"footnotes":""},"categories":[591],"tags":[637,694,620],"class_list":["post-27371","post","type-post","status-publish","format-standard","hentry","category-communiques-de-presse","tag-mobilisation","tag-preavis-de-greve","tag-psychiatrie-publique"],"_links":{"self":[{"href":"https:\/\/www.uspsy.fr\/index.php?rest_route=\/wp\/v2\/posts\/27371","targetHints":{"allow":["GET"]}}],"collection":[{"href":"https:\/\/www.uspsy.fr\/index.php?rest_route=\/wp\/v2\/posts"}],"about":[{"href":"https:\/\/www.uspsy.fr\/index.php?rest_route=\/wp\/v2\/types\/post"}],"author":[{"embeddable":true,"href":"https:\/\/www.uspsy.fr\/index.php?rest_route=\/wp\/v2\/users\/1"}],"replies":[{"embeddable":true,"href":"https:\/\/www.uspsy.fr\/index.php?rest_route=%2Fwp%2Fv2%2Fcomments&post=27371"}],"version-history":[{"count":1,"href":"https:\/\/www.uspsy.fr\/index.php?rest_route=\/wp\/v2\/posts\/27371\/revisions"}],"predecessor-version":[{"id":27373,"href":"https:\/\/www.uspsy.fr\/index.php?rest_route=\/wp\/v2\/posts\/27371\/revisions\/27373"}],"wp:attachment":[{"href":"https:\/\/www.uspsy.fr\/index.php?rest_route=%2Fwp%2Fv2%2Fmedia&parent=27371"}],"wp:term":[{"taxonomy":"category","embeddable":true,"href":"https:\/\/www.uspsy.fr\/index.php?rest_route=%2Fwp%2Fv2%2Fcategories&post=27371"},{"taxonomy":"post_tag","embeddable":true,"href":"https:\/\/www.uspsy.fr\/index.php?rest_route=%2Fwp%2Fv2%2Ftags&post=27371"}],"curies":[{"name":"wp","href":"https:\/\/api.w.org\/{rel}","templated":true}]}}